{"id":15543,"date":"2022-04-06T00:00:24","date_gmt":"2022-04-05T22:00:24","guid":{"rendered":"http:\/\/chronik.blackblogs.org\/?p=15543"},"modified":"2022-04-06T00:00:24","modified_gmt":"2022-04-05T22:00:24","slug":"farbe-gegen-vertretung-des-landes-nrw","status":"publish","type":"post","link":"https:\/\/chronik.noblogs.org\/?p=15543","title":{"rendered":"Farbe gegen Vertretung des Landes NRW"},"content":{"rendered":"<p><strong><a href=\"https:\/\/chronik.blackblogs.org\/wp-content\/uploads\/sites\/109\/2022\/04\/jalab.jpg\"><img loading=\"lazy\" decoding=\"async\" class=\"alignright size-medium wp-image-15552\" src=\"https:\/\/chronik.blackblogs.org\/wp-content\/uploads\/sites\/109\/2022\/04\/jalab-300x200.jpg\" alt=\"\" width=\"300\" height=\"200\"><\/a>Berlin<\/strong>, 6. April 2022<\/p>\n<blockquote><p>#L\u00fctzilebt Symbolische Farb-Attacke gegen die Landesregierung NRW(E) in Berlin<\/p>\n<p>In den fr\u00fchen Morgenstunden des sechsten Aprils 2022, attakierten wir in einem symbolischen Sabotage Akt das Geb\u00e4ude der Landesvertretung Nordrhein-Westfahlen in Berlin mit Farbe. Unsere Aktion ist eine Kritik der Verflechtung der Interessen von Staat und denen des Kapitals. Staat und Kapital besch\u00fctzen sich gegesenseitig und zusammen zerst\u00f6ren sie unserenPlaneten f\u00fcr den Wohlstand einer kleinen Elite.<\/p>\n<p>NRW Kommunen sind Anteilseigner an RWE und unterst\u00fctzen die Braunkohlef\u00f6rderung in Westdeutschland auf politischer Ebene. Als sich OVG M\u00fcnster f\u00fcr die profitmaximierenden Interessen von RWE entschied und gegen den Landwirt Eckart Heukamp und die anderen verbliebenen Einwohner*innen in L\u00fctzerath,<!--more--> hat NRW sich wieder einmal rausgehalten und keine Verantwortung \u00fcbernommen. Durch die Passivit\u00e4t NRWs hat sich die Landesregierung bewusst dazu entschieden die 650 mio. Tonnen Braunkohle unter L\u00fctzreath zu verfeuern. Als Repr\u00e4sentant der Menschen nimmt sich NRW die Entscheidungsmacht \u00fcber unser Leben. NRW verweigert den sofort n\u00f6tigen Braunkohleausstieg und gibt damit faktisch das 1.5 \u00b0C Ziel* auf. Auch f\u00fcr NRW bedeutet jede Tonne verbrannte Kohle weitere Kapitalertr\u00e4ge, profitmaximierende Interessen zerst\u00f6ren immer den Planeten.<\/p>\n<p>NRW besch\u00fctz nicht nur die eigenen Kapital Interessen sowie die RWEs, sondern gleichzeitig auch den Status Quo unserer Gesellschaft. &#8220;Buisness as usual&#8221; sehen als ein Verbrechen an. Als Beweisgrundlage f\u00fcr dieses Verbrechen reicht ein kurzer Blick auf den zuletzt erschienen IPCC Bericht. Wissenschaftler haben nicht nur versucht Menschen auf den Klimawandel aufmerksam zu machen, sondern rufen nach 20 Jahren nach der notwendigen Aktion f\u00fcr einen grundlegenden Kurswechsel unseres Wirtschaftssystems.<\/p>\n<p>Unsere Farbbomen sind eine Nachricht an die Politkier*innen in der Landesvertreteung, die aktiv an diesem Verbrechen beteiligt sind. Wir wissen, dass ihr Verantwortung tragt. Wir werden nicht aufh\u00f6ren die Aufmerksamkeit auf eure Mitschuld zurichten. Wir werden euch anprangern, besch\u00e4men, deligitmieren und bek\u00e4mpfen bis euch und allen anderen staatlichen Institutionen jegliche \u00f6ffentliche Unterst\u00fctzung entzogen ist und wir gemeinsam bessere Alternativen finden. Wir erkennen die Entscheidungen von NRWE nicht an, dass L\u00fctzerath vom Tagebau Garzweiler geschluckt werden soll. Jede Tonne Braunkohle, die verbrannt wird, bringt diesen Planeten n\u00e4her in den Zustand der \u00f6kologisch-sozialen Zerst\u00f6rung. Das werden wir nicht zulassen. Sollte der Staat versuchen, die Besetzung in L\u00fctzerath zu r\u00e4umen, wird er Gewalt anwenden m\u00fcssen, die einzige Sprache, die er kennt. Wir werden nicht einfach gehen. Wir werden uns verteidigen. We will not go gentle into that good, but rage rage against the dying of the Light!<\/p>\n<p>Unsere Farbbomben sind auch eine Botschaft an die \u00d6ffentlichkeit. Wir wollen, dass ihr euch bewusst werdet, dass Staat und Kapital Hand in Hand arbeiten und nicht unsere Interessen im Sinn haben. Denjenigen unter euch, die noch an die repr\u00e4sentative Demokratie und die von ihr geschaffenen Figuren glauben, m\u00f6chten wir sagen: Ihr habt diese Leute zwar gew\u00e4hlt, aber sie arbeiten nicht f\u00fcr euch. Sie arbeiten f\u00fcr sich selbst und ihre m\u00e4chtigen Kolleg*inne. Sie k\u00fcmmern sich nicht um Euer Wohlergehen, das Eurer Kinder, das Eures Landes. Sie werden den Boden unter euren F\u00fc\u00dfen weiter aush\u00f6hlen, bis wir sie aufhalten. Sie werden es nicht f\u00fcr uns tun. Das ist die Lektion die wir in L\u00fctzrath und an vielen anderen Orten des Wiederstands gelernt haben. Die Institutionen handeln nicht f\u00fcr uns! Deshalb rufen wir euch auf, ebenfalls aktiv zu werden. Es liegt in unser aller Verantwortung jetzt zu handeln. Die Zeit ist reif. Steht mit uns auf und k\u00e4mpft! F\u00fcr eine bessere Welt! F\u00fcr alle!<\/p>\n<p>*1,5 Grad an sich schon katastrophal! F\u00fcr viele Menschen im globalen S\u00fcden bedeuten 1,2 Grad bereits jetzt schwierige Umst\u00e4nde und auch hier in diesem Teil der Welt haben wir einige Auswirkungen sp\u00fcren k\u00f6nnen<\/p><\/blockquote>\n<p><strong>Quelle<\/strong>: Indymedia (<a href=\"http:\/\/dvqlamnbbzli62qfyt5faspxunueqdxc4csrslhcp2z3haiflnrn6dqd.onion\/node\/182854\">Tor<\/a>)<\/p>\n","protected":false},"excerpt":{"rendered":"<p>Berlin, 6. April 2022 #L\u00fctzilebt Symbolische Farb-Attacke gegen die Landesregierung NRW(E) in Berlin In den fr\u00fchen Morgenstunden des sechsten Aprils 2022, attakierten wir in einem symbolischen Sabotage Akt das Geb\u00e4ude der Landesvertretung Nordrhein-Westfahlen in Berlin mit Farbe. Unsere Aktion ist eine Kritik der Verflechtung der Interessen von Staat und denen des Kapitals. Staat und Kapital [&hellip;]<\/p>\n","protected":false},"author":12080,"featured_media":0,"comment_status":"closed","ping_status":"closed","sticky":false,"template":"","format":"standard","meta":{"footnotes":""},"categories":[2],"tags":[24],"class_list":["post-15543","post","type-post","status-publish","format-standard","hentry","category-de","tag-berlin"],"_links":{"self":[{"href":"https:\/\/chronik.noblogs.org\/index.php?rest_route=\/wp\/v2\/posts\/15543","targetHints":{"allow":["GET"]}}],"collection":[{"href":"https:\/\/chronik.noblogs.org\/index.php?rest_route=\/wp\/v2\/posts"}],"about":[{"href":"https:\/\/chronik.noblogs.org\/index.php?rest_route=\/wp\/v2\/types\/post"}],"author":[{"embeddable":true,"href":"https:\/\/chronik.noblogs.org\/index.php?rest_route=\/wp\/v2\/users\/12080"}],"replies":[{"embeddable":true,"href":"https:\/\/chronik.noblogs.org\/index.php?rest_route=%2Fwp%2Fv2%2Fcomments&post=15543"}],"version-history":[{"count":0,"href":"https:\/\/chronik.noblogs.org\/index.php?rest_route=\/wp\/v2\/posts\/15543\/revisions"}],"wp:attachment":[{"href":"https:\/\/chronik.noblogs.org\/index.php?rest_route=%2Fwp%2Fv2%2Fmedia&parent=15543"}],"wp:term":[{"taxonomy":"category","embeddable":true,"href":"https:\/\/chronik.noblogs.org\/index.php?rest_route=%2Fwp%2Fv2%2Fcategories&post=15543"},{"taxonomy":"post_tag","embeddable":true,"href":"https:\/\/chronik.noblogs.org\/index.php?rest_route=%2Fwp%2Fv2%2Ftags&post=15543"}],"curies":[{"name":"wp","href":"https:\/\/api.w.org\/{rel}","templated":true}]}}