{"id":15541,"date":"2022-04-04T00:00:21","date_gmt":"2022-04-03T22:00:21","guid":{"rendered":"http:\/\/chronik.blackblogs.org\/?p=15541"},"modified":"2022-04-04T00:00:21","modified_gmt":"2022-04-03T22:00:21","slug":"buttersaeure-fuer-rheinmetall-bundeswehr-und-zoll","status":"publish","type":"post","link":"https:\/\/chronik.noblogs.org\/?p=15541","title":{"rendered":"Butters\u00e4ure f\u00fcr Rheinmetall, Bundeswehr und Zoll"},"content":{"rendered":"<p><strong>Bremen<\/strong>, 4. April 2022<\/p>\n<blockquote><p>Am 4.4.22 haben wir Butters\u00e4ure im Eingangsbereich von Rheinmetall am Osterdeich 108 in Bremen verteilt. Eine Woche davor am 28.3.22 haben wir mit Steinen das Hauptzollamt eingeknallt und Butters\u00e4ure in die B\u00fcror\u00e4ume gesch\u00fcttet. Der Angriff galt dem Beratungszentrum der Bundeswehr in dem Geb\u00e4ude.<\/p>\n<p>Die Bullen berichten zwar von zerst\u00f6rten Scheiben am Hauptzollamt https:\/\/www.presseportal.de\/blaulicht\/pm\/35235\/5184551 aber sagen nichts zu der Butters\u00e4ure. Der Geruch war bestialisch, sodass wir denken dass sie bewusst verschweigen was eingesetzt wurde.<!--more--> So wiegt es nicht so schwer, dass kurz vor dem Angriff der Objektschutz vom Gel\u00e4nde gefahren ist und nicht in der Lage war seinen Auftrag zu erf\u00fcllen. Zum Zoll haben Autonome Gruppen Anfang letzten Jahres schon gut zusammengefasst was dieser f\u00fcr eine Funktion im kapitalistischen Karussell hat: https:\/\/chronik.blackblogs.org\/?p=141<\/p>\n<p>Der Angriff auf die Bundeswehr ist unser Beitrag zum praktischen Antimilitarismus. Jetzt wo die aktuellen Kriegsverbrechen vom feindlichen, dem russischen Milit\u00e4r, begangen werden w\u00e4hnt sich die Bundeswehr auf der moralisch sauberen Seite. Schwachsinn! Das deutsche Milit\u00e4r ist weder progressiv noch nachhaltig, es ist die Fratze der deutschen Vergangenheit und die T\u00fcr zum Faschismus. Wie jedes Milit\u00e4r basiert sie auf Befehl und Gehorsam. Sie trainiert um f\u00fcrs deutsche Kapital zu t\u00f6ten. Selbst die Wiedereinf\u00fchrung des Wehrdienstes ist in aller Munde und wird von parlamentarischer Seite diskutiert. F\u00fcr wen soll die Jugend denn k\u00e4mpfen? F\u00fcr Volk und Vaterland? F\u00fcr billigen Sprit und sichere Handelsrouten? Wir rufen schon jetzt zum desertieren auf und werden das Milit\u00e4r angreifen wo es m\u00f6glich ist.<\/p>\n<p>Das Personalb\u00fcro vom R\u00fcstungskonzern Rheinmetall am Osterdeich 108 wurde vor kurzem schon mit Farbe beworfen, danach zog eine antimilitaristische Demo vor die T\u00fcr. Die Eigent\u00fcmerin hat angek\u00fcndigt sich neue Mieter zu suchen, in der Hoffnung, dass der Stress aufh\u00f6rt. Wir haben genau deshalb noch mal nachgetreten, bevor das Personalmanagement in sichereren Geb\u00e4uden hinter hohen Z\u00e4unen verschwindet. Vielleicht \u00fcberlegen sich Vermieter*innen in Zukunft auch zweimal, welchen Unternehmen sie R\u00e4umlichkeiten vermieten. Die R\u00fcstungsindustrie profitiert vom laufenden Krieg am meisten, die Branche boomt. Das Gesch\u00e4ft mit Waffen ist ein wesentlicher Motor jeden Krieges. Konzerne wie Rheinmetall m\u00fcssen jetzt mit allen Mitteln angegriffen werden.<\/p>\n<p>F\u00fcr die Sabotage von Milit\u00e4r und R\u00fcstungsindustrie!<\/p>\n<p>F\u00fcr eine aktive Wehrkraftzersetzung!<\/p><\/blockquote>\n<p><strong>Quelle<\/strong>: Indymedia<\/p>\n","protected":false},"excerpt":{"rendered":"<p>Bremen, 4. April 2022 Am 4.4.22 haben wir Butters\u00e4ure im Eingangsbereich von Rheinmetall am Osterdeich 108 in Bremen verteilt. Eine Woche davor am 28.3.22 haben wir mit Steinen das Hauptzollamt eingeknallt und Butters\u00e4ure in die B\u00fcror\u00e4ume gesch\u00fcttet. Der Angriff galt dem Beratungszentrum der Bundeswehr in dem Geb\u00e4ude. Die Bullen berichten zwar von zerst\u00f6rten Scheiben am [&hellip;]<\/p>\n","protected":false},"author":12080,"featured_media":0,"comment_status":"closed","ping_status":"closed","sticky":false,"template":"","format":"standard","meta":{"footnotes":""},"categories":[2],"tags":[32],"class_list":["post-15541","post","type-post","status-publish","format-standard","hentry","category-de","tag-bremen"],"_links":{"self":[{"href":"https:\/\/chronik.noblogs.org\/index.php?rest_route=\/wp\/v2\/posts\/15541","targetHints":{"allow":["GET"]}}],"collection":[{"href":"https:\/\/chronik.noblogs.org\/index.php?rest_route=\/wp\/v2\/posts"}],"about":[{"href":"https:\/\/chronik.noblogs.org\/index.php?rest_route=\/wp\/v2\/types\/post"}],"author":[{"embeddable":true,"href":"https:\/\/chronik.noblogs.org\/index.php?rest_route=\/wp\/v2\/users\/12080"}],"replies":[{"embeddable":true,"href":"https:\/\/chronik.noblogs.org\/index.php?rest_route=%2Fwp%2Fv2%2Fcomments&post=15541"}],"version-history":[{"count":0,"href":"https:\/\/chronik.noblogs.org\/index.php?rest_route=\/wp\/v2\/posts\/15541\/revisions"}],"wp:attachment":[{"href":"https:\/\/chronik.noblogs.org\/index.php?rest_route=%2Fwp%2Fv2%2Fmedia&parent=15541"}],"wp:term":[{"taxonomy":"category","embeddable":true,"href":"https:\/\/chronik.noblogs.org\/index.php?rest_route=%2Fwp%2Fv2%2Fcategories&post=15541"},{"taxonomy":"post_tag","embeddable":true,"href":"https:\/\/chronik.noblogs.org\/index.php?rest_route=%2Fwp%2Fv2%2Ftags&post=15541"}],"curies":[{"name":"wp","href":"https:\/\/api.w.org\/{rel}","templated":true}]}}