{"id":15524,"date":"2022-04-02T00:00:00","date_gmt":"2022-04-01T22:00:00","guid":{"rendered":"http:\/\/chronik.blackblogs.org\/?p=15524"},"modified":"2022-04-02T00:00:00","modified_gmt":"2022-04-01T22:00:00","slug":"fenster-an-polizeiwache-kaputt","status":"publish","type":"post","link":"https:\/\/chronik.noblogs.org\/?p=15524","title":{"rendered":"Fenster an Polizeiwache kaputt"},"content":{"rendered":"<p><strong><a href=\"https:\/\/chronik.blackblogs.org\/wp-content\/uploads\/sites\/109\/2022\/04\/84111.png\"><img loading=\"lazy\" decoding=\"async\" class=\"alignright size-medium wp-image-15525\" src=\"https:\/\/chronik.blackblogs.org\/wp-content\/uploads\/sites\/109\/2022\/04\/84111-300x194.png\" alt=\"\" width=\"300\" height=\"194\"><\/a>Rommelshausen<\/strong>, April 2022<\/p>\n<blockquote><p>Das staatliche Beh\u00f6rden linke Bewegungen mit Repression angreifen ist nichts neues. Viele Aktivist:innen sitzen im Knast: Ella, Dy, Lina, Findus,\u2026 .<\/p>\n<p>Jetzt gibt es einen neuen Angriff der Repressionsorgane: Letzte Woche Dienstag st\u00fcrmten die Bullen an mehreren Orten in Baden-W\u00fcrttemberg Wohnungen von Antifaschist:innen. Die Vorw\u00fcrfe sind unterschiedlich: Insgesamt soll selbstbestimmtes und militantes Handeln kriminalisiert<!--more--> und Aktivist:innen eingesch\u00fcchtert werden. Wir haben darauf geantwortet:<\/p>\n<p>Der Polizeiposten Rommelshausen braucht einen neuen T\u00fcranstrich und muss seine Fenster wechseln lassen.<\/p>\n<p>Wir sind der Meinung: Solidarit\u00e4t mit kriminalisierten Linken muss praktisch werden!<\/p><\/blockquote>\n<p><strong>Quelle<\/strong>: <a href=\"http:\/\/dvqlamnbbzli62qfyt5faspxunueqdxc4csrslhcp2z3haiflnrn6dqd.onion\/node\/181220\">Indymedia<\/a> (Tor)<\/p>\n","protected":false},"excerpt":{"rendered":"<p>Rommelshausen, April 2022 Das staatliche Beh\u00f6rden linke Bewegungen mit Repression angreifen ist nichts neues. Viele Aktivist:innen sitzen im Knast: Ella, Dy, Lina, Findus,\u2026 . Jetzt gibt es einen neuen Angriff der Repressionsorgane: Letzte Woche Dienstag st\u00fcrmten die Bullen an mehreren Orten in Baden-W\u00fcrttemberg Wohnungen von Antifaschist:innen. Die Vorw\u00fcrfe sind unterschiedlich: Insgesamt soll selbstbestimmtes und militantes [&hellip;]<\/p>\n","protected":false},"author":12080,"featured_media":0,"comment_status":"closed","ping_status":"closed","sticky":false,"template":"","format":"standard","meta":{"footnotes":""},"categories":[2],"tags":[409],"class_list":["post-15524","post","type-post","status-publish","format-standard","hentry","category-de","tag-rommelshausen"],"_links":{"self":[{"href":"https:\/\/chronik.noblogs.org\/index.php?rest_route=\/wp\/v2\/posts\/15524","targetHints":{"allow":["GET"]}}],"collection":[{"href":"https:\/\/chronik.noblogs.org\/index.php?rest_route=\/wp\/v2\/posts"}],"about":[{"href":"https:\/\/chronik.noblogs.org\/index.php?rest_route=\/wp\/v2\/types\/post"}],"author":[{"embeddable":true,"href":"https:\/\/chronik.noblogs.org\/index.php?rest_route=\/wp\/v2\/users\/12080"}],"replies":[{"embeddable":true,"href":"https:\/\/chronik.noblogs.org\/index.php?rest_route=%2Fwp%2Fv2%2Fcomments&post=15524"}],"version-history":[{"count":0,"href":"https:\/\/chronik.noblogs.org\/index.php?rest_route=\/wp\/v2\/posts\/15524\/revisions"}],"wp:attachment":[{"href":"https:\/\/chronik.noblogs.org\/index.php?rest_route=%2Fwp%2Fv2%2Fmedia&parent=15524"}],"wp:term":[{"taxonomy":"category","embeddable":true,"href":"https:\/\/chronik.noblogs.org\/index.php?rest_route=%2Fwp%2Fv2%2Fcategories&post=15524"},{"taxonomy":"post_tag","embeddable":true,"href":"https:\/\/chronik.noblogs.org\/index.php?rest_route=%2Fwp%2Fv2%2Ftags&post=15524"}],"curies":[{"name":"wp","href":"https:\/\/api.w.org\/{rel}","templated":true}]}}