{"id":15427,"date":"2022-02-10T00:00:29","date_gmt":"2022-02-09T22:00:29","guid":{"rendered":"http:\/\/chronik.blackblogs.org\/?p=15427"},"modified":"2022-02-10T00:00:29","modified_gmt":"2022-02-09T22:00:29","slug":"abrissbagger-abgefackelt-2","status":"publish","type":"post","link":"https:\/\/chronik.noblogs.org\/?p=15427","title":{"rendered":"Abrissbagger abgefackelt"},"content":{"rendered":"<p><strong><a href=\"https:\/\/chronik.blackblogs.org\/wp-content\/uploads\/sites\/109\/2022\/02\/bag.jpg\"><img loading=\"lazy\" decoding=\"async\" class=\"alignright size-medium wp-image-15428\" src=\"https:\/\/chronik.blackblogs.org\/wp-content\/uploads\/sites\/109\/2022\/02\/bag-300x225.jpg\" alt=\"\" width=\"300\" height=\"225\"><\/a>M\u00fcnchen<\/strong>, 10. Februar 2022<\/p>\n<blockquote><p>Vor drei Wochen hat der Eggarten-Albtraum begonnen, ein verwunschenes H\u00e4usl nach dem anderen in der 100 Jahre alten Siedlung ist trotz aller B\u00fcrgerproteste abgerissen worden, damit auf dem Gel\u00e4nde in der Lerchenau eine Neubausiedlung mit 1.800 Wohnungen entstehen kann.<\/p>\n<p>Kripo spricht von &#8220;vors\u00e4tzlicher Brandlegung&#8221;<\/p>\n<p>Sechs H\u00e4user sind platt gemacht. Aber seit Donnerstag ist Abriss-Stopp. Denn in der Nacht davor haben pl\u00f6tzlich die beiden gelben Abrissbagger gebrannt. Einer steht nun verkohlt in der Eggartenstra\u00dfe: Totalschaden. Den zweiten, der stark besch\u00e4digt ist, hat die Baggerfirma abtransportiert.<!--more--><\/p>\n<p>Die Kriminalpolizei spricht von &#8220;vors\u00e4tzlicher Brandlegung&#8221;. Man gehe von einer politisch motivierten Tat aus, hei\u00dft es, die T\u00e4ter k\u00f6nnten aus dem linken Spektrum stammen und etwa Gentrifizierungsgegner sein.<br \/>\nVorfall schockt auch Mitstreiter der B\u00fcrgerinitiative &#8220;Rettet den Eggarten&#8221;<\/p>\n<p>M\u00fcnchner Beamte hatten in den fr\u00fchen Morgenstunden die Feuerwehr alarmiert, die das Feuer wenig sp\u00e4ter l\u00f6schen konnte. Die Schadensh\u00f6he wird auf 150.000 Euro gesch\u00e4tzt. Die Ermittlung hat nun das Kommissariat 43 (Staatsschutzdelikte) \u00fcbernommen.<\/p>\n<p>Der Vorfall hat sogar die Mitstreiter der B\u00fcrgerinitiative &#8220;Rettet den Eggarten&#8221; geschockt, die seit Jahren f\u00fcr den Erhalt der 21 Hektar gro\u00dfen Bahner-Siedlung mit wilden G\u00e4rten und alten B\u00e4umen k\u00e4mpft &#8211; auch, um die Flederm\u00e4use auf dem Areal zu sch\u00fctzen.<\/p>\n<p>Wann es mit dem Abriss weitergeht, ist unklar<\/p>\n<p>&#8220;Was hier vorgefallen ist, ist nicht hilfreich f\u00fcr unsere Initiative&#8221;, sagt Martin Schreck, &#8220;wir wollen ja sachlich protestieren.&#8221; Auch Norbert K\u00f6brich distanziert sich, der eins der Grundst\u00fccke noch als Schrebergarten nutzen darf: &#8220;Wer immer das war, der hat uns keinen Gefallen getan.&#8221;<\/p>\n<p>Wann es mit dem Abriss weitergeht, ist unklar, sagt Philipp Heimerl, Sprecher der Investoren B\u00fcschl und CA Immo, auf AZ-Nachfrage. Laut Plan sollten bis Ende M\u00e4rz 14 der historischen H\u00e4user abgerissen sein. Zun\u00e4chst m\u00fcsse aber der verbrannte Bagger mit einem Kran aus dem Gel\u00e4nde gehoben werden. Zudem sei Diesel ins Erdreich gelaufen, das nun ausgetauscht werden m\u00fcsse, &#8220;das dauert erstmal&#8221;.<\/p><\/blockquote>\n<p><strong>Quelle<\/strong>: AZ<\/p>\n<p>&nbsp;<\/p>\n<!-- Here be dragons but no images. -->\n","protected":false},"excerpt":{"rendered":"<p>M\u00fcnchen, 10. Februar 2022 Vor drei Wochen hat der Eggarten-Albtraum begonnen, ein verwunschenes H\u00e4usl nach dem anderen in der 100 Jahre alten Siedlung ist trotz aller B\u00fcrgerproteste abgerissen worden, damit auf dem Gel\u00e4nde in der Lerchenau eine Neubausiedlung mit 1.800 Wohnungen entstehen kann. Kripo spricht von &#8220;vors\u00e4tzlicher Brandlegung&#8221; Sechs H\u00e4user sind platt gemacht. Aber seit [&hellip;]<\/p>\n","protected":false},"author":12080,"featured_media":0,"comment_status":"closed","ping_status":"closed","sticky":false,"template":"","format":"standard","meta":{"footnotes":""},"categories":[2],"tags":[138],"class_list":["post-15427","post","type-post","status-publish","format-standard","hentry","category-de","tag-muenchen"],"_links":{"self":[{"href":"https:\/\/chronik.noblogs.org\/index.php?rest_route=\/wp\/v2\/posts\/15427","targetHints":{"allow":["GET"]}}],"collection":[{"href":"https:\/\/chronik.noblogs.org\/index.php?rest_route=\/wp\/v2\/posts"}],"about":[{"href":"https:\/\/chronik.noblogs.org\/index.php?rest_route=\/wp\/v2\/types\/post"}],"author":[{"embeddable":true,"href":"https:\/\/chronik.noblogs.org\/index.php?rest_route=\/wp\/v2\/users\/12080"}],"replies":[{"embeddable":true,"href":"https:\/\/chronik.noblogs.org\/index.php?rest_route=%2Fwp%2Fv2%2Fcomments&post=15427"}],"version-history":[{"count":0,"href":"https:\/\/chronik.noblogs.org\/index.php?rest_route=\/wp\/v2\/posts\/15427\/revisions"}],"wp:attachment":[{"href":"https:\/\/chronik.noblogs.org\/index.php?rest_route=%2Fwp%2Fv2%2Fmedia&parent=15427"}],"wp:term":[{"taxonomy":"category","embeddable":true,"href":"https:\/\/chronik.noblogs.org\/index.php?rest_route=%2Fwp%2Fv2%2Fcategories&post=15427"},{"taxonomy":"post_tag","embeddable":true,"href":"https:\/\/chronik.noblogs.org\/index.php?rest_route=%2Fwp%2Fv2%2Ftags&post=15427"}],"curies":[{"name":"wp","href":"https:\/\/api.w.org\/{rel}","templated":true}]}}