{"id":15271,"date":"2021-11-25T00:00:35","date_gmt":"2021-11-24T22:00:35","guid":{"rendered":"http:\/\/chronik.blackblogs.org\/?p=15271"},"modified":"2021-11-25T00:00:35","modified_gmt":"2021-11-24T22:00:35","slug":"privatwagen-einer-polizistin-abgefackelt","status":"publish","type":"post","link":"https:\/\/chronik.noblogs.org\/?p=15271","title":{"rendered":"Privatwagen einer Polizistin abgefackelt"},"content":{"rendered":"<p><strong>M\u00fcnchen<\/strong>, 25. November 2021<\/p>\n<blockquote><p>sie kontrollieren uns, sperren uns ein, durchsuchen uns und unsere wohnungen, schlagen und t\u00f6ten, schieben ab und unterdr\u00fccken: die schei\u00df bullen.<br \/>\ngerade erst wurde in rotterdam auf randalierende geschossen, in m\u00fcnchen auf eine person die sich nicht aus ihrer wohnung zwangsr\u00e4umen lassen wollte, in wuppertal wurde vor kurzem jemand von den bullen ermordet und in n\u00fcrnberg sitzt jemand im knast f\u00fcr das anschreien von bullen.<br \/>\nzeit zur\u00fcckzuschlagen!<br \/>\ndeswegen brannte am 25.11.2021 nur einige meter vor der bullenwache der private audi a1 einer polizistin der wache in der beethovenstra\u00dfe komplett ab.<!--more--><\/p>\n<p>bullenmeldung vom 26.11.:<\/p>\n<p>Am Donnerstag, 25.11.2021, gegen 02:40 Uhr, fiel einer Streife der Polizeiinspektion 14 (Westend) ein brennender Pkw Audi auf. Der Pkw war ordnungsgem\u00e4\u00df am Fahrbahnrand des Bavariarings geparkt.<\/p>\n<p>Die verst\u00e4ndigte Feuerwehr l\u00f6schte den Brand. Am Pkw entstand ein Totalschaden. Personen wurden durch den Brand nicht verletzt.<\/p>\n<p>Anf\u00e4nglich wurde von einem technischen Defekt am Pkw ausgegangen. Die aktuellen und noch andauernden Ermittlungen des Kommissariats 13 erbrachten nun Hinweise auf eine vors\u00e4tzliche Brandstiftung.<\/p><\/blockquote>\n<p><strong>Quelle<\/strong>: <a href=\"http:\/\/kontrpolioglnxrcdwwxfszih4pifyidfjgq4ktfdu6uh4nn35vjtuid.onion\/5688\/\">Kontrapolis<\/a> (Tor)<\/p>\n","protected":false},"excerpt":{"rendered":"<p>M\u00fcnchen, 25. November 2021 sie kontrollieren uns, sperren uns ein, durchsuchen uns und unsere wohnungen, schlagen und t\u00f6ten, schieben ab und unterdr\u00fccken: die schei\u00df bullen. gerade erst wurde in rotterdam auf randalierende geschossen, in m\u00fcnchen auf eine person die sich nicht aus ihrer wohnung zwangsr\u00e4umen lassen wollte, in wuppertal wurde vor kurzem jemand von den [&hellip;]<\/p>\n","protected":false},"author":12080,"featured_media":0,"comment_status":"closed","ping_status":"closed","sticky":false,"template":"","format":"standard","meta":{"footnotes":""},"categories":[2],"tags":[138],"class_list":["post-15271","post","type-post","status-publish","format-standard","hentry","category-de","tag-muenchen"],"_links":{"self":[{"href":"https:\/\/chronik.noblogs.org\/index.php?rest_route=\/wp\/v2\/posts\/15271","targetHints":{"allow":["GET"]}}],"collection":[{"href":"https:\/\/chronik.noblogs.org\/index.php?rest_route=\/wp\/v2\/posts"}],"about":[{"href":"https:\/\/chronik.noblogs.org\/index.php?rest_route=\/wp\/v2\/types\/post"}],"author":[{"embeddable":true,"href":"https:\/\/chronik.noblogs.org\/index.php?rest_route=\/wp\/v2\/users\/12080"}],"replies":[{"embeddable":true,"href":"https:\/\/chronik.noblogs.org\/index.php?rest_route=%2Fwp%2Fv2%2Fcomments&post=15271"}],"version-history":[{"count":0,"href":"https:\/\/chronik.noblogs.org\/index.php?rest_route=\/wp\/v2\/posts\/15271\/revisions"}],"wp:attachment":[{"href":"https:\/\/chronik.noblogs.org\/index.php?rest_route=%2Fwp%2Fv2%2Fmedia&parent=15271"}],"wp:term":[{"taxonomy":"category","embeddable":true,"href":"https:\/\/chronik.noblogs.org\/index.php?rest_route=%2Fwp%2Fv2%2Fcategories&post=15271"},{"taxonomy":"post_tag","embeddable":true,"href":"https:\/\/chronik.noblogs.org\/index.php?rest_route=%2Fwp%2Fv2%2Ftags&post=15271"}],"curies":[{"name":"wp","href":"https:\/\/api.w.org\/{rel}","templated":true}]}}