{"id":15270,"date":"2021-11-23T00:00:50","date_gmt":"2021-11-22T22:00:50","guid":{"rendered":"http:\/\/chronik.blackblogs.org\/?p=15270"},"modified":"2021-11-23T00:00:50","modified_gmt":"2021-11-22T22:00:50","slug":"three-cars-of-the-atf-almanya-tuerk-federasyon-torched","status":"publish","type":"post","link":"https:\/\/chronik.noblogs.org\/?p=15270","title":{"rendered":"Three cars of the ATF (Almanya T\u00fcrk Federasyon) torched"},"content":{"rendered":"<p><strong>Frankfurt am Main<\/strong>, november 2021<\/p>\n<blockquote><p>Attack on the Grey Wolves in Frankfurt \u2013 Today we set fire to 3 vehicles of the Grey Wolves at their Germany-wide headquarters in Frankfurt am Main.<br \/>\nWe attacked the ATF (Almanya T\u00fcrk Federasyon) as part of Turkish fascism on German soil. Our action is clearly directed against the Turkish regime and the fascist organisation, not at all in general against the Turks living in Germany.<!--more--><br \/>\nThe ATF is the umbrella organisation of the so-called grey wolves. These represent the largest right-wing radical organisation in Germany. Far too unchallenged. We have changed that.<br \/>\nIn our action we naturally took care that no people were endangered. This was also the reason why we spared the building itself as well as the car standing directly next to it.<\/p>\n<p>The German headquarters of the \u201eT\u00fcrk Federasyon\u201c or Federation of Turkish Democratic Idealist Associations in Germany (Almanya Demokratik \u00dclk\u00fcc\u00fc T\u00fcrk Dernekleri Federasyonu, AD\u00dcTDF) is located at Friesstra\u00dfe 2 in Frankfurt. As the foreign organisation of the Turkish fascist party MHP, the central hub of its inhuman ideology and practice is located here.<\/p>\n<p>The \u201eT\u00fcrk Federasyon\u201c propagates the superiority of Turkishness and dreams of the \u201eGreat Turkish Empire of Turan\u201c; it also excels in racism, anti-Semitism and misogyny.<br \/>\nThe MHP and its members are closely linked to the deep state in Turkey. Through the cooperation of organised crime structures, the military and police and the fascists, left-wing movements and the Kurdish freedom movement have been persecuted for decades. In the 1980s and 1990s, the \u201egrey wolves\u201c carried out armed actions in Germany, resulting in deaths and injuries. For example, the lawyer Seyran Ate\u015f was seriously injured in an attack on a women\u2019s counselling centre in Berlin in 1984 and her client Fatma was killed.<br \/>\nSince the MHP took part in the government in Turkey, they have been trying to present a civil appearance in Germany. But it is murderous structures like these that threaten resisters and dissenters again and again. Fidan Do\u011fan, Sakine Cans\u0131z and Leyla \u015eaylemez were murdered in Paris in 2013 by \u201eGrey Wolves\u201c in collaboration with the Turkish secret service MIT. Countless other murders and attacks can be attributed to these paramilitary troops.<\/p>\n<p>The fascists are once again ready for Turkey\u2019s wars of aggression, which violate international law. The military mobilisation on the borders of the Syrian and Turkish states is in full swing. They are now just preparing to carry a new war into the last spared areas of Rojava. This must not go unchallenged by us. Here, too, the fascist volunteers are standing together with the Turkish army and jihadist militias (exactly these militias are responsible for dozens of terrorist attacks in Europe with hundreds of deaths, not to speak of the immeasurable suffering in Syria and Libya).<\/p>\n<p>These fascists will bring limitless suffering to the remaining civilian population in Rojava- Northern Syria out of nationalist dreams of great power. Their support keeps the AKP regime alive. We oppose this coming war.<br \/>\n#FightforRevolution<\/p>\n<p>It was these fascist structures that captured the Frankfurt revolutionary Andrea Wolf in the mountains of Kurdistan 23 years and one month ago and murdered her as a prisoner of the Turkish army.<\/p>\n<p>Unforgotten \u2013 Unforgiven<br \/>\nIn memory, in the struggles you live on \u2013 Children of Fire \u2013 Kommando Rohan\u00ee<\/p>\n<p>Three parked cars caught fire in Fries Street tonight, causing extensive damage.<br \/>\nThe older vehicles, a Peugeot Boxer, a Daimler 312 and a Dacia Duster, were parked in a lot. For reasons as yet unknown, the cars caught fire at around 2:00 a.m. tonight and were partly completely destroyed. The total damage amounts to an estimated 25,000 euros.<br \/>\nThe criminal investigation department assumes arson and is now investigating the exact cause of the fire.<\/p><\/blockquote>\n<p><strong>Source<\/strong>: <a href=\"http:\/\/kontrpolioglnxrcdwwxfszih4pifyidfjgq4ktfdu6uh4nn35vjtuid.onion\/5530\/\">Kontrapolis<\/a> (Tor)<\/p>\n","protected":false},"excerpt":{"rendered":"<p>Frankfurt am Main, november 2021 Attack on the Grey Wolves in Frankfurt \u2013 Today we set fire to 3 vehicles of the Grey Wolves at their Germany-wide headquarters in Frankfurt am Main. We attacked the ATF (Almanya T\u00fcrk Federasyon) as part of Turkish fascism on German soil. Our action is clearly directed against the Turkish [&hellip;]<\/p>\n","protected":false},"author":12080,"featured_media":0,"comment_status":"closed","ping_status":"closed","sticky":false,"template":"","format":"standard","meta":{"footnotes":""},"categories":[3],"tags":[68],"class_list":["post-15270","post","type-post","status-publish","format-standard","hentry","category-en","tag-frankfurt-am-main"],"_links":{"self":[{"href":"https:\/\/chronik.noblogs.org\/index.php?rest_route=\/wp\/v2\/posts\/15270","targetHints":{"allow":["GET"]}}],"collection":[{"href":"https:\/\/chronik.noblogs.org\/index.php?rest_route=\/wp\/v2\/posts"}],"about":[{"href":"https:\/\/chronik.noblogs.org\/index.php?rest_route=\/wp\/v2\/types\/post"}],"author":[{"embeddable":true,"href":"https:\/\/chronik.noblogs.org\/index.php?rest_route=\/wp\/v2\/users\/12080"}],"replies":[{"embeddable":true,"href":"https:\/\/chronik.noblogs.org\/index.php?rest_route=%2Fwp%2Fv2%2Fcomments&post=15270"}],"version-history":[{"count":0,"href":"https:\/\/chronik.noblogs.org\/index.php?rest_route=\/wp\/v2\/posts\/15270\/revisions"}],"wp:attachment":[{"href":"https:\/\/chronik.noblogs.org\/index.php?rest_route=%2Fwp%2Fv2%2Fmedia&parent=15270"}],"wp:term":[{"taxonomy":"category","embeddable":true,"href":"https:\/\/chronik.noblogs.org\/index.php?rest_route=%2Fwp%2Fv2%2Fcategories&post=15270"},{"taxonomy":"post_tag","embeddable":true,"href":"https:\/\/chronik.noblogs.org\/index.php?rest_route=%2Fwp%2Fv2%2Ftags&post=15270"}],"curies":[{"name":"wp","href":"https:\/\/api.w.org\/{rel}","templated":true}]}}