{"id":15264,"date":"2021-11-16T00:00:45","date_gmt":"2021-11-15T22:00:45","guid":{"rendered":"http:\/\/chronik.blackblogs.org\/?p=15264"},"modified":"2021-11-16T00:00:45","modified_gmt":"2021-11-15T22:00:45","slug":"farbanschlag-auf-polizeiwache-2","status":"publish","type":"post","link":"https:\/\/chronik.noblogs.org\/?p=15264","title":{"rendered":"Farbanschlag auf Polizeiwache"},"content":{"rendered":"<p><strong><a href=\"https:\/\/chronik.blackblogs.org\/wp-content\/uploads\/sites\/109\/2021\/12\/80079.jpg\"><img loading=\"lazy\" decoding=\"async\" class=\"alignright size-medium wp-image-15265\" src=\"https:\/\/chronik.blackblogs.org\/wp-content\/uploads\/sites\/109\/2021\/12\/80079-300x153.jpg\" alt=\"\" width=\"300\" height=\"153\"><\/a>Rostock<\/strong>, 16. November 2021<\/p>\n<blockquote><p>In den fr\u00fchen Morgenstunden des 16.11.2021 wurde die Polizeiwache in der Ulmenstra\u00dfe in Rostock gro\u00dffl\u00e4chig mit Farbe bedeckt. F\u00fcr uns gibt es viele Gr\u00fcnde die Polizei zu kritisieren. Einer davon ist der strukturelle Rassismus innerhalb der Polizei, ein anderer die Repression gegen Linke.<\/p>\n<p>Menschen, die von den Bullen als &#8220;nicht-deutsch&#8221; wahrgenommen werden, k\u00f6nnen ein Lied vom Rassismus der Polizei singen. Racial Profiling geh\u00f6rt zu ihrem Alltag, an Bahnh\u00f6fen beispielsweise kontrollieren Bullen regelm\u00e4\u00dfig ausschlie\u00dflich Menschen, die sie dem Aussehen nach f\u00fcr &#8220;nicht-deutsche&#8221; und damit verd\u00e4chtig halten. Auch rassistische Beleidigungen und \u00fcberzogen hartes Vorgehen geh\u00f6ren zum Repertoire vieler Bullen im Einsatz. Traurige H\u00f6hepunkte dessen sind immer wieder auch T\u00f6tungen durch die Polizei und Todesf\u00e4lle in Polizeigewahrsam. Death In Custody z\u00e4hlt seit 1990<!--more--> \u00fcber 200 Todesf\u00e4lle von durch Rassismus betroffenen Menschen &#8211; https:\/\/doku.deathincustody.info\/ . Um nur einige Beispiele zu nennen:<br \/>\n&#8211; Vor 17 Jahren wurde der aus Afrika stammende Oury Jalloh in einer Zelle des Polizeireviers Dessau verbrannt &#8211; die mutma\u00dflich verantwortlichen Bullen wurden bis heute nicht zur Rechenschaft gezogen. https:\/\/www.tagesschau.de\/inland\/tod-jalloh-gutachten-101.html<br \/>\n&#8211; 2016 t\u00f6teten Bullen Hussam Fadl in Berlin mit mehreren Sch\u00fcssen von hinten. Er war auf ein Polizeiauto zugelaufen, in dem ein Festgenommener sa\u00df, der Hussams Tochter sexuell bel\u00e4stigt hatte. https:\/\/www.deutschlandfunkkultur.de\/wende-im-fall-des-getoeteten-fluech&#8230;<br \/>\n&#8211; Im Juni 2019 erschossen Bullen Adel B. in Essen. Dieser hatte zuvor gedroht sich selbst umzubringen, hatte diese Drohung jedoch zur\u00fcckgenommen und war in sein Wohnhaus zur\u00fcckgekehrt. Durch die geschlossene Haust\u00fcr wurde er erschossen. Erst durch ein Smartphone-Video eines Augenzeugen konnte die Darstellung der Bullen, Adel habe sie angegriffen, widerlegt werden. https:\/\/www.nd-aktuell.de\/artikel\/1124195.adel-b-erschossen-aber-nicht-e&#8230;<br \/>\n&#8211; Im M\u00e4rz 2021 starb der 19-j\u00e4hrige Qosay, ein Asylbewerber aus dem Irak, in Polizeigewahrsam. Bullen hatten ihn zuvor verpr\u00fcgelt und festgenommen, weil sie ihn mit einem Joint im Park antrafen. https:\/\/www.tagesschau.de\/investigativ\/panorama\/tod-polizeieinsatz-101.html<br \/>\n&#8211; 1.11.2021, vor zwei Wochen, wurde Giorgos Zantiotis von Bullen festgenommen und starb noch in der selben Nacht in seiner Zelle. Der Polizei war das nicht ein mal eine Pressemeldung wert. Der Versuch den Vorfall zu vertuschen scheiterte erst f\u00fcnf Tage nach Giorgos Tod, als auf der griechischen Indymedia-Seite dar\u00fcber berichtet wurde. https:\/\/www.nd-aktuell.de\/artikel\/1124195.adel-b-erschossen-aber-nicht-ermordet.html<\/p>\n<p>Neben diesen T\u00f6tungen und Todesf\u00e4llen macht die Polizei auch in regelm\u00e4\u00dfigen Abst\u00e4nden mit neuen Naziskandalen von sich reden. Die aufgeflogenen rechten Chatgruppen innerhalb der Polizeidienststellen des Landes lassen sich kaum noch z\u00e4hlen, man ist inzwischen an sie gew\u00f6hnt.<br \/>\nEine der gr\u00f6\u00dften, bisher bekannten, faschistischen Gruppen innerhalb der Sicherheitsbeh\u00f6rden ist Nordkreuz. In ihr versammelten sich SEK-Bullen, Soldaten und andere Faschisten. Sie planten die T\u00f6tung politischer Gegner, sammelten Informationen \u00fcber diese und horteten Waffen und Munition. Verstrickungen des damaligen Innenministers Lorenz Caffier, welcher eine Waffe von einem Nordkreuzmitglied kaufte, rundeten die ganze Sache ab. Wie \u00fcblich hielt sich die Repression gegen diese Gruppe in Grenzen, Mitglieder wurden unter anderem zu Bew\u00e4hrungsstrafen verurteilt. https:\/\/taz.de\/Nordkreuz\/!t5611278\/<br \/>\nStatt gegen die Nazis in den eigenen Reihen gehen die Bullen lieber konsequent gegen Linke vor, welche sich gegen Faschisten zur Wehr setzen. Ende 2020 wurde der Antifaschist Findus wegen verschiedener Vorw\u00fcrfe im Zusammenhang mit Demonstrationen zu 2,5 Jahren Knast verurteilt. Unl\u00e4ngst wurden die Antifaschisten Jo und Dy zu 4,5 und 5,5 Jahren Knast verurteilt, weil ihnen vorgeworfen wurde, an einer Auseinandersetzung mit Faschisten beteiligt gewesen zu sein &#8211; https:\/\/freiheit-fuer-jo.org\/ . Und aktuell wird Lina und anderen Angeklagten im Antifa Ost Prozess ebenfalls mit hohen Haftstrafen gedroht, weil sie gewaltt\u00e4tige Faschisten angegriffen haben sollen &#8211; https:\/\/www.soli-antifa-ost.org\/.<\/p>\n<p>Todesf\u00e4lle in Gewahrsam aufkl\u00e4ren!<br \/>\nFreiheit f\u00fcr alle Antifas!<\/p><\/blockquote>\n<p><strong>Quelle<\/strong>: <a href=\"http:\/\/gsxbcjvcrdl66ycimkwra2nxzwvy2idef4twi7elojuzm5ztt5abqyid.onion\/node\/159928\">Indymedia<\/a> (Tor)<\/p>\n","protected":false},"excerpt":{"rendered":"<p>Rostock, 16. November 2021 In den fr\u00fchen Morgenstunden des 16.11.2021 wurde die Polizeiwache in der Ulmenstra\u00dfe in Rostock gro\u00dffl\u00e4chig mit Farbe bedeckt. F\u00fcr uns gibt es viele Gr\u00fcnde die Polizei zu kritisieren. Einer davon ist der strukturelle Rassismus innerhalb der Polizei, ein anderer die Repression gegen Linke. Menschen, die von den Bullen als &#8220;nicht-deutsch&#8221; wahrgenommen [&hellip;]<\/p>\n","protected":false},"author":12080,"featured_media":0,"comment_status":"closed","ping_status":"closed","sticky":false,"template":"","format":"standard","meta":{"footnotes":""},"categories":[2],"tags":[178],"class_list":["post-15264","post","type-post","status-publish","format-standard","hentry","category-de","tag-rostock"],"_links":{"self":[{"href":"https:\/\/chronik.noblogs.org\/index.php?rest_route=\/wp\/v2\/posts\/15264","targetHints":{"allow":["GET"]}}],"collection":[{"href":"https:\/\/chronik.noblogs.org\/index.php?rest_route=\/wp\/v2\/posts"}],"about":[{"href":"https:\/\/chronik.noblogs.org\/index.php?rest_route=\/wp\/v2\/types\/post"}],"author":[{"embeddable":true,"href":"https:\/\/chronik.noblogs.org\/index.php?rest_route=\/wp\/v2\/users\/12080"}],"replies":[{"embeddable":true,"href":"https:\/\/chronik.noblogs.org\/index.php?rest_route=%2Fwp%2Fv2%2Fcomments&post=15264"}],"version-history":[{"count":0,"href":"https:\/\/chronik.noblogs.org\/index.php?rest_route=\/wp\/v2\/posts\/15264\/revisions"}],"wp:attachment":[{"href":"https:\/\/chronik.noblogs.org\/index.php?rest_route=%2Fwp%2Fv2%2Fmedia&parent=15264"}],"wp:term":[{"taxonomy":"category","embeddable":true,"href":"https:\/\/chronik.noblogs.org\/index.php?rest_route=%2Fwp%2Fv2%2Fcategories&post=15264"},{"taxonomy":"post_tag","embeddable":true,"href":"https:\/\/chronik.noblogs.org\/index.php?rest_route=%2Fwp%2Fv2%2Ftags&post=15264"}],"curies":[{"name":"wp","href":"https:\/\/api.w.org\/{rel}","templated":true}]}}