{"id":1522,"date":"2015-08-26T00:00:28","date_gmt":"2015-08-25T22:00:28","guid":{"rendered":"http:\/\/chronik.blackblogs.org\/?p=1522"},"modified":"2015-08-26T00:00:28","modified_gmt":"2015-08-25T22:00:28","slug":"polizeiauto-angezuendet","status":"publish","type":"post","link":"https:\/\/chronik.noblogs.org\/?p=1522","title":{"rendered":"Polizeiauto angez\u00fcndet"},"content":{"rendered":"<p><strong><a href=\"https:\/\/chronik.blackblogs.org\/wp-content\/uploads\/sites\/109\/2015\/11\/157808.jpg\"><img loading=\"lazy\" decoding=\"async\" class=\"alignright size-medium wp-image-1523\" src=\"https:\/\/chronik.blackblogs.org\/wp-content\/uploads\/sites\/109\/2015\/11\/157808-300x200.jpg\" alt=\"157808\" width=\"300\" height=\"200\" srcset=\"https:\/\/chronik.noblogs.org\/files\/2015\/11\/157808-300x200.jpg 300w, https:\/\/chronik.noblogs.org\/files\/2015\/11\/157808-768x511.jpg 768w, https:\/\/chronik.noblogs.org\/files\/2015\/11\/157808-1024x681.jpg 1024w, https:\/\/chronik.noblogs.org\/files\/2015\/11\/157808.jpg 1936w\" sizes=\"auto, (max-width: 300px) 100vw, 300px\" \/><\/a>Minden<\/strong>, 26. August 2015<\/p>\n<blockquote><p>Gemeinsame Presseerkl\u00e4rung der Staatsanwaltschaft Bielefeld, des Staatsschutzes der Polizei Bielefeld und der Polizei Minden-L\u00fcbbecke<\/p>\n<p>Ein vor der Mindener Polizeiwache an der Marienstra\u00dfe abgestellter Streifenwagen ist am Mittwoch in den fr\u00fchen Morgenstunden von einem oder mehreren Unbekannten in Brand gesetzt worden. Die Beamten des Wachdienstes bemerkten die Flammen gegen 5.35 Uhr und unternahmen sofort erste L\u00f6schversuche. Die alarmierte Feuerwehr l\u00f6schte das Fahrzeug schlie\u00dflich ab. Verletzt wurde niemand. Eine ausgel\u00f6ste Fahndung nach dem oder den T\u00e4tern brachte keinen Erfolg.<br \/>\n<!--more--><br \/>\nZwischenzeitlich hat der Staatsschutz des Polizeipr\u00e4sidiums Bielefeld die Ermittlungen \u00fcbernommen und zur Aufkl\u00e4rung der Brandstiftung unter Beteiligung heimischer Beamter eine f\u00fcnfk\u00f6pfige Ermittlungsgruppe gebildet. Angaben zu einem m\u00f6glichen Motiv f\u00fcr die Brandstiftung kann die Polizei derzeit nicht machen.<\/p>\n<p>Zeugen, denen im Bereich der Polizeiwache, sowohl an der Marienstra\u00dfe als auch am in unmittelbarer N\u00e4he gelegenen Mittelandkanal, verd\u00e4chtig wirkende Personen oder Fahrzeuge aufgefallen sind, werden gebeten sich bei der Polizei Minden unter XXXXXXXX der beim Staatsschutz der Polizei Bielefeld unter XXXXXXX zu melden.<\/p>\n<p>Den Schaden kann die Polizei noch nicht genau beziffern. Derzeit ist noch unklar, ob und in wieweit die polizeispezifische Ausr\u00fcstung, zum Beispiel die Funkger\u00e4te, durch die Flammen in Mitleidenschaft gezogen wurden.<\/p>\n<p>Beh\u00f6rdenleiter und Landrat Dr. Ralf Niermann zeigte sich entsetzt angesichts dieser Form der Aggression gegen die Polizei. &#8220;Eine derartige Gewalteskalation ist nicht hinnehmbar. Ich bin froh, dass niemand verletzt wurde&#8221;, sagte Niermann am Morgen. Einen derartigen Vorfall habe es bisher bei der Kreispolizeibeh\u00f6rde Minden-L\u00fcbbecke noch nicht gegeben, so der Beh\u00f6rdenleiter weiter.<\/p>\n<p>Der Abteilungsleiter Polizei, Polizeidirektor Detlef St\u00fcven, k\u00fcndigte als Reaktion auf die Brandstiftung eine sofortige Erh\u00f6hung der Sicherheit aller Polizeidienststellen im Kreisgebiet an.<\/p><\/blockquote>\n<p><strong>Quelle<\/strong>: <a href=\"https:\/\/linksunten.indymedia.org\/de\/node\/157807\">Polizeipressemeldung<\/a><\/p>\n","protected":false},"excerpt":{"rendered":"<p>Minden, 26. August 2015 Gemeinsame Presseerkl\u00e4rung der Staatsanwaltschaft Bielefeld, des Staatsschutzes der Polizei Bielefeld und der Polizei Minden-L\u00fcbbecke Ein vor der Mindener Polizeiwache an der Marienstra\u00dfe abgestellter Streifenwagen ist am Mittwoch in den fr\u00fchen Morgenstunden von einem oder mehreren Unbekannten in Brand gesetzt worden. Die Beamten des Wachdienstes bemerkten die Flammen gegen 5.35 Uhr und [&hellip;]<\/p>\n","protected":false},"author":12080,"featured_media":0,"comment_status":"closed","ping_status":"closed","sticky":false,"template":"","format":"standard","meta":{"footnotes":""},"categories":[2],"tags":[142],"class_list":["post-1522","post","type-post","status-publish","format-standard","hentry","category-de","tag-minden"],"_links":{"self":[{"href":"https:\/\/chronik.noblogs.org\/index.php?rest_route=\/wp\/v2\/posts\/1522","targetHints":{"allow":["GET"]}}],"collection":[{"href":"https:\/\/chronik.noblogs.org\/index.php?rest_route=\/wp\/v2\/posts"}],"about":[{"href":"https:\/\/chronik.noblogs.org\/index.php?rest_route=\/wp\/v2\/types\/post"}],"author":[{"embeddable":true,"href":"https:\/\/chronik.noblogs.org\/index.php?rest_route=\/wp\/v2\/users\/12080"}],"replies":[{"embeddable":true,"href":"https:\/\/chronik.noblogs.org\/index.php?rest_route=%2Fwp%2Fv2%2Fcomments&post=1522"}],"version-history":[{"count":0,"href":"https:\/\/chronik.noblogs.org\/index.php?rest_route=\/wp\/v2\/posts\/1522\/revisions"}],"wp:attachment":[{"href":"https:\/\/chronik.noblogs.org\/index.php?rest_route=%2Fwp%2Fv2%2Fmedia&parent=1522"}],"wp:term":[{"taxonomy":"category","embeddable":true,"href":"https:\/\/chronik.noblogs.org\/index.php?rest_route=%2Fwp%2Fv2%2Fcategories&post=1522"},{"taxonomy":"post_tag","embeddable":true,"href":"https:\/\/chronik.noblogs.org\/index.php?rest_route=%2Fwp%2Fv2%2Ftags&post=1522"}],"curies":[{"name":"wp","href":"https:\/\/api.w.org\/{rel}","templated":true}]}}