{"id":15106,"date":"2021-10-02T00:00:27","date_gmt":"2021-10-01T22:00:27","guid":{"rendered":"http:\/\/chronik.blackblogs.org\/?p=15106"},"modified":"2021-10-02T00:00:27","modified_gmt":"2021-10-01T22:00:27","slug":"auto-eines-nazis-angezuendet-2","status":"publish","type":"post","link":"https:\/\/chronik.noblogs.org\/?p=15106","title":{"rendered":"Auto eines Nazis angez\u00fcndet"},"content":{"rendered":"<p><strong><a href=\"https:\/\/chronik.blackblogs.org\/wp-content\/uploads\/sites\/109\/2021\/10\/13fxj6q.jpg\"><img loading=\"lazy\" decoding=\"async\" class=\"alignright size-medium wp-image-15151\" src=\"https:\/\/chronik.blackblogs.org\/wp-content\/uploads\/sites\/109\/2021\/10\/13fxj6q-300x135.jpg\" alt=\"\" width=\"300\" height=\"135\"><\/a>Halle (Saale)<\/strong>, 2. Oktober 2021<\/p>\n<blockquote><p>Am fr\u00fchen Samstagmorgen ist in der Seebener Stra\u00dfe in Halle (Saale) der VW-Caddy des vom Verfassungsschutz beobachteten Rechtsextremisten Sven Liebich angebrannt. Gegen 1.40 Uhr ist der Brand der Polizei gemeldet worden, teilte eine Sprecherin auf Nachfrage mit.<\/p>\n<p>Liebich selbst hat sich in seinen Telegram-Gruppen bislang nicht ge\u00e4u\u00dfert. Er will an Sonntag im Rahmen der Einheitsfeierlichkeiten demonstrieren. Am Mittag hat er dort einen Aufzug angek\u00fcndigt.<\/p><\/blockquote>\n<p><strong>Quelle<\/strong>: <a href=\"https:\/\/dubisthalle.de\/auto-von-rechtsextremist-sven-liebich-abgefackelt\">dubisthalle.de<\/a><\/p>\n","protected":false},"excerpt":{"rendered":"<p>Halle (Saale), 2. Oktober 2021 Am fr\u00fchen Samstagmorgen ist in der Seebener Stra\u00dfe in Halle (Saale) der VW-Caddy des vom Verfassungsschutz beobachteten Rechtsextremisten Sven Liebich angebrannt. Gegen 1.40 Uhr ist der Brand der Polizei gemeldet worden, teilte eine Sprecherin auf Nachfrage mit. Liebich selbst hat sich in seinen Telegram-Gruppen bislang nicht ge\u00e4u\u00dfert. Er will an [&hellip;]<\/p>\n","protected":false},"author":12080,"featured_media":0,"comment_status":"closed","ping_status":"closed","sticky":false,"template":"","format":"standard","meta":{"footnotes":""},"categories":[2],"tags":[85],"class_list":["post-15106","post","type-post","status-publish","format-standard","hentry","category-de","tag-halle"],"_links":{"self":[{"href":"https:\/\/chronik.noblogs.org\/index.php?rest_route=\/wp\/v2\/posts\/15106","targetHints":{"allow":["GET"]}}],"collection":[{"href":"https:\/\/chronik.noblogs.org\/index.php?rest_route=\/wp\/v2\/posts"}],"about":[{"href":"https:\/\/chronik.noblogs.org\/index.php?rest_route=\/wp\/v2\/types\/post"}],"author":[{"embeddable":true,"href":"https:\/\/chronik.noblogs.org\/index.php?rest_route=\/wp\/v2\/users\/12080"}],"replies":[{"embeddable":true,"href":"https:\/\/chronik.noblogs.org\/index.php?rest_route=%2Fwp%2Fv2%2Fcomments&post=15106"}],"version-history":[{"count":0,"href":"https:\/\/chronik.noblogs.org\/index.php?rest_route=\/wp\/v2\/posts\/15106\/revisions"}],"wp:attachment":[{"href":"https:\/\/chronik.noblogs.org\/index.php?rest_route=%2Fwp%2Fv2%2Fmedia&parent=15106"}],"wp:term":[{"taxonomy":"category","embeddable":true,"href":"https:\/\/chronik.noblogs.org\/index.php?rest_route=%2Fwp%2Fv2%2Fcategories&post=15106"},{"taxonomy":"post_tag","embeddable":true,"href":"https:\/\/chronik.noblogs.org\/index.php?rest_route=%2Fwp%2Fv2%2Ftags&post=15106"}],"curies":[{"name":"wp","href":"https:\/\/api.w.org\/{rel}","templated":true}]}}