{"id":14998,"date":"2021-09-06T00:00:53","date_gmt":"2021-09-05T22:00:53","guid":{"rendered":"http:\/\/chronik.blackblogs.org\/?p=14998"},"modified":"2021-09-06T00:00:53","modified_gmt":"2021-09-05T22:00:53","slug":"dpolg-briefkasten-mit-bauschaum-verstopft","status":"publish","type":"post","link":"https:\/\/chronik.noblogs.org\/?p=14998","title":{"rendered":"DPolG-Briefkasten mit Bauschaum verstopft"},"content":{"rendered":"<p><strong><a href=\"https:\/\/chronik.blackblogs.org\/wp-content\/uploads\/sites\/109\/2021\/09\/59826.jpg\"><img loading=\"lazy\" decoding=\"async\" class=\"alignright size-medium wp-image-14999\" src=\"https:\/\/chronik.blackblogs.org\/wp-content\/uploads\/sites\/109\/2021\/09\/59826-300x225.jpg\" alt=\"\" width=\"300\" height=\"225\"><\/a>Stuttgart<\/strong>, 6. September 2021<\/p>\n<blockquote><p>In der Nacht von Sonntag auf Montag haben wir den Briefkasten der Deutschen Polizeigewerkschaft am Stuttgarter Neckartor mit Bauschaum zumindest ver\u00fcbergehend unbrauchbar gemacht. Die DPolG betreibt nicht nur Lobbypolitik f\u00fcr Bullen, unterst\u00fctzt diese bei Klagen vor Gericht gegen Linke oder verteidigt gewaltt\u00e4tige Bulleneins\u00e4tze in der \u00d6ffentlichkeit. Neben der GdP (Gewerkschaft der Polizei), die in ihrer Zeitung bereits gegen Linke hetzte, geht auch die DPolG immer wieder gegen Linke in der \u00d6ffentlichkeit vor &#8211; will eine Kennzeichnung von Bullen verhindern, damit diese weiterhin ohne eine Gefahr von Konsequenzen weiterpr\u00fcgeln k\u00f6nnen.<br \/>\n<!--more--><br \/>\nGerade aktuell geraten bundesweit Antifas ins Fadenkreuz der rechten Hard-Liner, die einen neuen &#8220;linksextremistischen Terrorismus&#8221; herbeireden. Morgen startet der Prozess sog. &#8220;Antifa Ost Prozess&#8221; vor dem OLG in Dresden. Wenn wir die Lobbyvertreter der Bullen, rechte Hardliner in der Politik oder Scharfmacher, wie DPolG-Chef Wendt angehen, dann immer darum, um zumindest symbolisch, zu zeigen, dass wir die Angriffe auf Antifas und die linke Bewegung nicht unkommentiert lassen und weiterhin daf\u00fcr k\u00e4mpfen, diese Gesellschaft zu ver\u00e4ndern und Nazis keine Basis zu bieten.<\/p>\n<p>Zeigt euch solidarisch mit den Antifas vor Gericht und hinter Gittern! Freiheit f\u00fcr Dy, Findus und Lina!<\/p><\/blockquote>\n<p><strong>Quelle<\/strong>: <a href=\"http:\/\/gsxbcjvcrdl66ycimkwra2nxzwvy2idef4twi7elojuzm5ztt5abqyid.onion\/node\/151898\">Indymedia<\/a> (Tor)<\/p>\n","protected":false},"excerpt":{"rendered":"<p>Stuttgart, 6. September 2021 In der Nacht von Sonntag auf Montag haben wir den Briefkasten der Deutschen Polizeigewerkschaft am Stuttgarter Neckartor mit Bauschaum zumindest ver\u00fcbergehend unbrauchbar gemacht. Die DPolG betreibt nicht nur Lobbypolitik f\u00fcr Bullen, unterst\u00fctzt diese bei Klagen vor Gericht gegen Linke oder verteidigt gewaltt\u00e4tige Bulleneins\u00e4tze in der \u00d6ffentlichkeit. Neben der GdP (Gewerkschaft der [&hellip;]<\/p>\n","protected":false},"author":12080,"featured_media":0,"comment_status":"closed","ping_status":"closed","sticky":false,"template":"","format":"standard","meta":{"footnotes":""},"categories":[2],"tags":[194],"class_list":["post-14998","post","type-post","status-publish","format-standard","hentry","category-de","tag-stuttgart"],"_links":{"self":[{"href":"https:\/\/chronik.noblogs.org\/index.php?rest_route=\/wp\/v2\/posts\/14998","targetHints":{"allow":["GET"]}}],"collection":[{"href":"https:\/\/chronik.noblogs.org\/index.php?rest_route=\/wp\/v2\/posts"}],"about":[{"href":"https:\/\/chronik.noblogs.org\/index.php?rest_route=\/wp\/v2\/types\/post"}],"author":[{"embeddable":true,"href":"https:\/\/chronik.noblogs.org\/index.php?rest_route=\/wp\/v2\/users\/12080"}],"replies":[{"embeddable":true,"href":"https:\/\/chronik.noblogs.org\/index.php?rest_route=%2Fwp%2Fv2%2Fcomments&post=14998"}],"version-history":[{"count":0,"href":"https:\/\/chronik.noblogs.org\/index.php?rest_route=\/wp\/v2\/posts\/14998\/revisions"}],"wp:attachment":[{"href":"https:\/\/chronik.noblogs.org\/index.php?rest_route=%2Fwp%2Fv2%2Fmedia&parent=14998"}],"wp:term":[{"taxonomy":"category","embeddable":true,"href":"https:\/\/chronik.noblogs.org\/index.php?rest_route=%2Fwp%2Fv2%2Fcategories&post=14998"},{"taxonomy":"post_tag","embeddable":true,"href":"https:\/\/chronik.noblogs.org\/index.php?rest_route=%2Fwp%2Fv2%2Ftags&post=14998"}],"curies":[{"name":"wp","href":"https:\/\/api.w.org\/{rel}","templated":true}]}}