{"id":14936,"date":"2021-08-06T00:00:57","date_gmt":"2021-08-05T22:00:57","guid":{"rendered":"http:\/\/chronik.blackblogs.org\/?p=14936"},"modified":"2021-08-06T00:00:57","modified_gmt":"2021-08-05T22:00:57","slug":"transporter-mit-afd-plakaten-abgefackelt","status":"publish","type":"post","link":"https:\/\/chronik.noblogs.org\/?p=14936","title":{"rendered":"Transporter mit AfD-Plakaten abgefackelt"},"content":{"rendered":"<p><strong><a href=\"https:\/\/chronik.blackblogs.org\/wp-content\/uploads\/sites\/109\/2021\/08\/afd.jpg\"><img loading=\"lazy\" decoding=\"async\" class=\"alignright size-medium wp-image-14937\" src=\"https:\/\/chronik.blackblogs.org\/wp-content\/uploads\/sites\/109\/2021\/08\/afd-300x171.jpg\" alt=\"\" width=\"300\" height=\"171\"><\/a>Berlin<\/strong>, 6. August 2021<\/p>\n<blockquote><p>Am fr\u00fchen Freitagmorgen standen am ehemaligen Stasi-Gel\u00e4nde in der Ruschestra\u00dfe in Berlin-Lichtenberg zwei Kleintransporter in Flammen.<\/p>\n<p>Menschen wurden nicht verletzt, wie die Feuerwehr mitteilte. Die Fahrzeuge seien auf einem Hof abgestellt gewesen, hie\u00df es. Bei dem einen habe der Motorraum, bei dem anderen das Heck gebrannt.<br \/>\n<!--more--><br \/>\nDas Feuer sei rasch gel\u00f6scht gewesen. Bei den Autos handelt es sich um Fahrzeuge einer Autovermietung.<\/p>\n<p>Im aktuellen Fall hat ein Brandkommissariat des Landeskriminalamtes die Ermittlungen zum Verdacht der Brandstiftung \u00fcbernommen.<\/p><\/blockquote>\n<p><strong>Quelle<\/strong>: BZ\/Email\/Www<\/p>\n<p>&nbsp;<\/p>\n<!-- Here be dragons but no images. -->\n","protected":false},"excerpt":{"rendered":"<p>Berlin, 6. August 2021 Am fr\u00fchen Freitagmorgen standen am ehemaligen Stasi-Gel\u00e4nde in der Ruschestra\u00dfe in Berlin-Lichtenberg zwei Kleintransporter in Flammen. Menschen wurden nicht verletzt, wie die Feuerwehr mitteilte. Die Fahrzeuge seien auf einem Hof abgestellt gewesen, hie\u00df es. Bei dem einen habe der Motorraum, bei dem anderen das Heck gebrannt.<\/p>\n","protected":false},"author":12080,"featured_media":0,"comment_status":"closed","ping_status":"closed","sticky":false,"template":"","format":"standard","meta":{"footnotes":""},"categories":[2],"tags":[24],"class_list":["post-14936","post","type-post","status-publish","format-standard","hentry","category-de","tag-berlin"],"_links":{"self":[{"href":"https:\/\/chronik.noblogs.org\/index.php?rest_route=\/wp\/v2\/posts\/14936","targetHints":{"allow":["GET"]}}],"collection":[{"href":"https:\/\/chronik.noblogs.org\/index.php?rest_route=\/wp\/v2\/posts"}],"about":[{"href":"https:\/\/chronik.noblogs.org\/index.php?rest_route=\/wp\/v2\/types\/post"}],"author":[{"embeddable":true,"href":"https:\/\/chronik.noblogs.org\/index.php?rest_route=\/wp\/v2\/users\/12080"}],"replies":[{"embeddable":true,"href":"https:\/\/chronik.noblogs.org\/index.php?rest_route=%2Fwp%2Fv2%2Fcomments&post=14936"}],"version-history":[{"count":0,"href":"https:\/\/chronik.noblogs.org\/index.php?rest_route=\/wp\/v2\/posts\/14936\/revisions"}],"wp:attachment":[{"href":"https:\/\/chronik.noblogs.org\/index.php?rest_route=%2Fwp%2Fv2%2Fmedia&parent=14936"}],"wp:term":[{"taxonomy":"category","embeddable":true,"href":"https:\/\/chronik.noblogs.org\/index.php?rest_route=%2Fwp%2Fv2%2Fcategories&post=14936"},{"taxonomy":"post_tag","embeddable":true,"href":"https:\/\/chronik.noblogs.org\/index.php?rest_route=%2Fwp%2Fv2%2Ftags&post=14936"}],"curies":[{"name":"wp","href":"https:\/\/api.w.org\/{rel}","templated":true}]}}