{"id":14877,"date":"2021-07-05T00:00:44","date_gmt":"2021-07-04T22:00:44","guid":{"rendered":"http:\/\/chronik.blackblogs.org\/?p=14877"},"modified":"2021-07-05T00:00:44","modified_gmt":"2021-07-04T22:00:44","slug":"sprueherreien-nach-tod-vor-zwangsraeumung","status":"publish","type":"post","link":"https:\/\/chronik.noblogs.org\/?p=14877","title":{"rendered":"Spr\u00fcherreien nach Tod vor Zwangsr\u00e4umung"},"content":{"rendered":"<p><strong><a href=\"https:\/\/chronik.blackblogs.org\/wp-content\/uploads\/sites\/109\/2021\/07\/1.jpg\"><img loading=\"lazy\" decoding=\"async\" class=\"alignright size-medium wp-image-14878\" src=\"https:\/\/chronik.blackblogs.org\/wp-content\/uploads\/sites\/109\/2021\/07\/1-300x225.jpg\" alt=\"\" width=\"300\" height=\"225\"><\/a>Berlin<\/strong>, 5. Juli 2021<\/p>\n<blockquote><p>Kurz vor seiner anstehenden Zwangsr\u00e4umung nahm sich Peter H. am 31.05.2021 in seiner Wohnung in der Adalbertstra\u00dfe 74 das Leben. Sicher liegt der Grund f\u00fcr den Tod von Peter im kapitalistischen System und einer Rechtsprechung, in der Eigentum h\u00f6her gewertet wird als das Bed\u00fcrfnis von Menschen ein Dach \u00fcber dem Kopf zu haben. In diesem konkreten Fall ist die Verantwortliche jedoch nicht irgendeine anonyme Schreibtischt\u00e4ter:in eines Konzerns oder Briefkastenfirma, sondern seine langj\u00e4hrige Nachbarin Christine Scharlach, die ihn wegen Eigenbedarf heraus klagte. Selbst das Wissen \u00fcber seine schwierige Lebenssituation hielt sie nicht davon ab, auf ihr vermeintliches Recht zu pochen und eine Zwangsr\u00e4umung zu veranlassen. Was f\u00fcr eine Menschenfeindlichkeit und Eisesk\u00e4lte kann jemand nur in sich tragen?<br \/>\n<!--more--><br \/>\nNun ist Peter tot. Die Verantwortliche daf\u00fcr aber kann ihr Leben einfach unbeschwert weiter f\u00fchren. Das wollen wir so nicht hinnehmen. Wir wollen, dass die Nachbarschaft und ihr Arbeitsumfeld Bescheid wissen, mit wem sie es zu tun haben. Deshalb haben wir an der FU Berlin die Institutsgeb\u00e4ude f\u00fcr Mathematik und Informatik an denen Frau Dr. Christine Scharlach doziert, gro\u00dffl\u00e4chig mit Spr\u00fcchen bespr\u00fcht, um \u00fcber sie aufzukl\u00e4ren und an Peter zu erinnern. Dasselbe ist auch an ihrem Wohnort und Peters ehemaligen Zuhause in der Adalbertstra\u00dfe 74 geschehen.<\/p>\n<p>Allein in Berlin wurden nach neuesten Zahlen im Jahr 2019 t\u00e4glich um die 8 Haushalte zwangsger\u00e4umt. Dies muss ein Ende haben!<\/p>\n<p>Rest in Power Peter!<\/p>\n<p>Dr. Christine Scharlach<\/p>\n<p>Freie Universit\u00e4t Berlin<\/p>\n<p>Institut f\u00fcr Mathematik<\/p>\n<p>Diskrete Methoden in der algebraischen Geometrie &amp; Mathematik f\u00fcr Lehramt<\/p>\n<p>Adresse<\/p>\n<p>Arnimallee 3<br \/>\nRaum 135<br \/>\n14195 Berlin<\/p>\n<p>Sekretariat<\/p>\n<p>+49 30 838 58545<br \/>\nFrau S. Nordt<\/p>\n<p>Telefon<\/p>\n<p>+49 30 838 55932<\/p>\n<p>E-Mail<\/p>\n<p>schar@zedat.fu-berlin.de<\/p>\n<p>Sprechstunde<\/p>\n<p>Ab WS 2018\/19: Di 16:30 \u2013 17:00 Uhr<br \/>\nIn den Semesterferien: Bitte erfragen!<br \/>\nAnmeldung \u00fcber das Sekretariat<\/p>\n<p>zu finden hier: https:\/\/www.mi.fu-berlin.de\/math\/groups\/ag-diskret-algebra-geom\/members\/Professoren\/christine_scharlach.html<\/p><\/blockquote>\n<p><strong>Quelle<\/strong>: <a href=\"http:\/\/kontrpolioglnxrcdwwxfszih4pifyidfjgq4ktfdu6uh4nn35vjtuid.onion\/4249\/\">Kontrapolis<\/a> (Tor)<\/p>\n","protected":false},"excerpt":{"rendered":"<p>Berlin, 5. Juli 2021 Kurz vor seiner anstehenden Zwangsr\u00e4umung nahm sich Peter H. am 31.05.2021 in seiner Wohnung in der Adalbertstra\u00dfe 74 das Leben. Sicher liegt der Grund f\u00fcr den Tod von Peter im kapitalistischen System und einer Rechtsprechung, in der Eigentum h\u00f6her gewertet wird als das Bed\u00fcrfnis von Menschen ein Dach \u00fcber dem Kopf [&hellip;]<\/p>\n","protected":false},"author":12080,"featured_media":0,"comment_status":"closed","ping_status":"closed","sticky":false,"template":"","format":"standard","meta":{"footnotes":""},"categories":[2],"tags":[24],"class_list":["post-14877","post","type-post","status-publish","format-standard","hentry","category-de","tag-berlin"],"_links":{"self":[{"href":"https:\/\/chronik.noblogs.org\/index.php?rest_route=\/wp\/v2\/posts\/14877","targetHints":{"allow":["GET"]}}],"collection":[{"href":"https:\/\/chronik.noblogs.org\/index.php?rest_route=\/wp\/v2\/posts"}],"about":[{"href":"https:\/\/chronik.noblogs.org\/index.php?rest_route=\/wp\/v2\/types\/post"}],"author":[{"embeddable":true,"href":"https:\/\/chronik.noblogs.org\/index.php?rest_route=\/wp\/v2\/users\/12080"}],"replies":[{"embeddable":true,"href":"https:\/\/chronik.noblogs.org\/index.php?rest_route=%2Fwp%2Fv2%2Fcomments&post=14877"}],"version-history":[{"count":0,"href":"https:\/\/chronik.noblogs.org\/index.php?rest_route=\/wp\/v2\/posts\/14877\/revisions"}],"wp:attachment":[{"href":"https:\/\/chronik.noblogs.org\/index.php?rest_route=%2Fwp%2Fv2%2Fmedia&parent=14877"}],"wp:term":[{"taxonomy":"category","embeddable":true,"href":"https:\/\/chronik.noblogs.org\/index.php?rest_route=%2Fwp%2Fv2%2Fcategories&post=14877"},{"taxonomy":"post_tag","embeddable":true,"href":"https:\/\/chronik.noblogs.org\/index.php?rest_route=%2Fwp%2Fv2%2Ftags&post=14877"}],"curies":[{"name":"wp","href":"https:\/\/api.w.org\/{rel}","templated":true}]}}