{"id":14860,"date":"2021-07-05T00:00:55","date_gmt":"2021-07-04T22:00:55","guid":{"rendered":"http:\/\/chronik.blackblogs.org\/?p=14860"},"modified":"2021-07-05T00:00:55","modified_gmt":"2021-07-04T22:00:55","slug":"vonovia-auto-angezuendet-2","status":"publish","type":"post","link":"https:\/\/chronik.noblogs.org\/?p=14860","title":{"rendered":"Vonovia Auto angez\u00fcndet"},"content":{"rendered":"<p><strong><a href=\"https:\/\/chronik.blackblogs.org\/wp-content\/uploads\/sites\/109\/2021\/07\/vo.jpg\"><img loading=\"lazy\" decoding=\"async\" class=\"alignright size-medium wp-image-14861\" src=\"https:\/\/chronik.blackblogs.org\/wp-content\/uploads\/sites\/109\/2021\/07\/vo-300x195.jpg\" alt=\"\" width=\"300\" height=\"195\"><\/a>Berlin<\/strong>, 5. Juli 2021<\/p>\n<blockquote><p>Auch wenn sich der Rauch nach der Begehung der Rigaer 94 inzwischen wieder ein wenig gelegt hat, bedeutet das nicht, dass die K\u00e4mpfe um bezahlbaren und menschenw\u00fcrdigen Wohnraum in Berlin und anderswo aufh\u00f6ren. Viele andere Mieter*innen bangen jedes Jahr aufs neue um ihre Wohnung und damit um ihren Lebensmittelpunkt. Die Aussichten in dieser Stadt noch eine halbwegs bezahlbare Wohnung zu finden, tendieren f\u00fcr die meisten Menschen mit durchschnittlichem Gehalt gegen Null.<\/p>\n<p>Dass diese Angst durchaus auch t\u00f6dliche Konsequenzen hat, zeigt der Tod von Peter Hollinger am 31.Mai 2021. Nach einem dreij\u00e4hrigen, erfolglosen Gerichtsprozess gegen eine R\u00e4umungsklage wegen Eigenbedarf, brachte sich der 67 J\u00e4hrige Musiker und alteingesessene Kreuzberger um.<!--more--><br \/>\nDies ist nicht der erste Todesfall im Zusammenhang mit Zwangsr\u00e4umungen. Erinnert sei auch an den Tod von Rosemarie F. , die Zwei Tage nach ihrer Zwangsr\u00e4umung in einer Berliner Obdachlosenunterkunft starb.<br \/>\nIn Beiden F\u00e4llen war im Vorfeld der R\u00e4umung klar, welch immensem Druck und psychischer Belastung die Betroffenen ausgesetzt worden waren und in beiden F\u00e4llen wurde aus medizinischer Sicht dringend von einer R\u00e4umung abgeraten. Die t\u00f6dliche Konsequenz wurde billigend in Kauf genommen zu Gunsten einer Eigentumsfrage.<\/p>\n<p>Als mit Beginn der Pandemie 2020 die Stimmen lauter wurden, Vermieter*innen sollen doch bitte \u201ekulant\u201c auf etwaige coronabedingte Zahlungsschwierigkeiten reagieren und Zwangsr\u00e4umungen sollen doch bitte ausgesetzt werden, haben wir uns keine Illusionen dar\u00fcber gemacht, was tats\u00e4chlich passieren sollte.<br \/>\nDie R\u00e4umung der Meuterei, der Liebig 34 und des Syndikats, sowie die anstehenden R\u00e4umungen des Buchladens Kisch&amp;Co, der K\u00f6pi und der Potse sprechen eine deutliche Sprache. Was medial als Kampf von Autonomen gegen die Stadt verkl\u00e4rt wird, ist in Wahrheit die Logik eines Immobilienmarktes, deren Opfer nicht nach politischer Identit\u00e4t, sondern nach \u00f6konomischer Verwertbarkeit ausgesucht werden.<br \/>\nDass Wohnraum zur Ware wurde und zum Spekulationsobjekt b\u00f6rsennotierter Verm\u00f6gensverwalter, l\u00e4sst all diejenigen in permanenter Angst um ihre Existenz zur\u00fcck, die finanziell nicht in der Lage sind die st\u00e4ndig steigenden Mieten zu bezahlen.<\/p>\n<p>Wir haben deswegen gestern Nacht ein Auto von Vonovia am Einsteinufer im Bezirk Tiergarten abgefackelt.<\/p>\n<p>Die Pandemie hat dem Gesch\u00e4ft mit dem Wohnraum kaum geschadet. Gerade Firmen wie Vonovia erh\u00f6hten weiter regelm\u00e4\u00dfig Mieten. Die Durchschnittsmiete von Vonovia Wohnungen betr\u00e4gt 2021 bereit 3,5 Prozent mehr als vor einem Jahr.<br \/>\nUns ist es egal, mit welchen Lippenbekenntnissen sich Firmen wie Vonovia versuchen, ihre profitorientierte und menschenfeindliche Wohnungspolitik sch\u00f6nzureden.<br \/>\nSolange private, b\u00f6rsennotierte und damit profitorientierte Immobilienunternehmen, mit kurzen Draht in die Politik \u00fcber unseren Wohnraum und damit \u00fcber unser Leben bestimmen, greifen wir sie an.<\/p>\n<p>Alle Menschen haben Eigenbedarf an Wohnraum!<br \/>\nGegen die Stadt der Reichen!<br \/>\nIn Gedenken aller, die ihr Leben auf Grund dieser menschenfeindlichen Profitlogik verloren haben!<\/p><\/blockquote>\n<p><strong>Quelle<\/strong>: <a href=\"http:\/\/kontrpolioglnxrcdwwxfszih4pifyidfjgq4ktfdu6uh4nn35vjtuid.onion\/4237\/\">Kontrapolis<\/a> (Tor)<\/p>\n","protected":false},"excerpt":{"rendered":"<p>Berlin, 5. Juli 2021 Auch wenn sich der Rauch nach der Begehung der Rigaer 94 inzwischen wieder ein wenig gelegt hat, bedeutet das nicht, dass die K\u00e4mpfe um bezahlbaren und menschenw\u00fcrdigen Wohnraum in Berlin und anderswo aufh\u00f6ren. Viele andere Mieter*innen bangen jedes Jahr aufs neue um ihre Wohnung und damit um ihren Lebensmittelpunkt. Die Aussichten [&hellip;]<\/p>\n","protected":false},"author":12080,"featured_media":0,"comment_status":"closed","ping_status":"closed","sticky":false,"template":"","format":"standard","meta":{"footnotes":""},"categories":[2],"tags":[24],"class_list":["post-14860","post","type-post","status-publish","format-standard","hentry","category-de","tag-berlin"],"_links":{"self":[{"href":"https:\/\/chronik.noblogs.org\/index.php?rest_route=\/wp\/v2\/posts\/14860","targetHints":{"allow":["GET"]}}],"collection":[{"href":"https:\/\/chronik.noblogs.org\/index.php?rest_route=\/wp\/v2\/posts"}],"about":[{"href":"https:\/\/chronik.noblogs.org\/index.php?rest_route=\/wp\/v2\/types\/post"}],"author":[{"embeddable":true,"href":"https:\/\/chronik.noblogs.org\/index.php?rest_route=\/wp\/v2\/users\/12080"}],"replies":[{"embeddable":true,"href":"https:\/\/chronik.noblogs.org\/index.php?rest_route=%2Fwp%2Fv2%2Fcomments&post=14860"}],"version-history":[{"count":0,"href":"https:\/\/chronik.noblogs.org\/index.php?rest_route=\/wp\/v2\/posts\/14860\/revisions"}],"wp:attachment":[{"href":"https:\/\/chronik.noblogs.org\/index.php?rest_route=%2Fwp%2Fv2%2Fmedia&parent=14860"}],"wp:term":[{"taxonomy":"category","embeddable":true,"href":"https:\/\/chronik.noblogs.org\/index.php?rest_route=%2Fwp%2Fv2%2Fcategories&post=14860"},{"taxonomy":"post_tag","embeddable":true,"href":"https:\/\/chronik.noblogs.org\/index.php?rest_route=%2Fwp%2Fv2%2Ftags&post=14860"}],"curies":[{"name":"wp","href":"https:\/\/api.w.org\/{rel}","templated":true}]}}