{"id":14797,"date":"2021-06-14T00:00:06","date_gmt":"2021-06-13T22:00:06","guid":{"rendered":"http:\/\/chronik.blackblogs.org\/?p=14797"},"modified":"2021-06-14T00:00:06","modified_gmt":"2021-06-13T22:00:06","slug":"vonovia-firmenwagen-angezuendet","status":"publish","type":"post","link":"https:\/\/chronik.noblogs.org\/?p=14797","title":{"rendered":"Vonovia-Firmenwagen angez\u00fcndet"},"content":{"rendered":"<p><strong><a href=\"https:\/\/chronik.blackblogs.org\/wp-content\/uploads\/sites\/109\/2021\/06\/vonovia.jpg\"><img loading=\"lazy\" decoding=\"async\" class=\"alignright size-medium wp-image-14798\" src=\"https:\/\/chronik.blackblogs.org\/wp-content\/uploads\/sites\/109\/2021\/06\/vonovia-300x200.jpg\" alt=\"\" width=\"300\" height=\"200\"><\/a>Berlin<\/strong>, 14. Juni 2021<\/p>\n<blockquote><p>Es ist ein leichtes die Brandschutzl\u00fcge vom Rot-Rot-Gr\u00fcnen R\u00e4umungs-Senat bez\u00fcglich der Rigaer 94 zu durchschauen. Umso dreister ist es, wie sich Geisel und Konsorten seit Monaten aufblasen um den anstehenden Angriff am 17. Juni auf das Haus politisch zu legitimieren. Aber auch die R\u00e4umungen von dem Buchladen Kisch &amp; Co und dem K\u00f6pi-Wagenplatz stehen bevor und setzen die Verdr\u00e4ngeungswelle des letzten Jahres fort.<\/p>\n<p>Was aber kann eine angemessene Antwort auf diese ganze Schei\u00dfe sein? Diese Frage l\u00e4sst sich wohl nicht so leicht beantworten. Sicher ist jedoch, dass die kapitalistischen Verh\u00e4ltnisse, die diese ganze Schei\u00dfe erst erm\u00f6glichen ganz grunds\u00e4tzlich in Frage gestellt und zerst\u00f6rt werden m\u00fcssen. Wir glauben nicht, dass ein abgebranntes Auto einer Immobilienfirma<!--more--> auf diesem Weg ein gro\u00dfer Sprung w\u00e4re, aber als Geste der Solidarit\u00e4t und Resonanz in einem gemeinsamen Kampf taugt es durchaus. Und wenn wir zu Vielen los ziehen und die Symbole der Herrschaft angreifen, birgt dies das Potenzial, das Kr\u00e4fteverh\u00e4ltnis zu verschieben und das Bestehende ins wanken zu bringen. Deshalb haben wir gestern Nacht ein Fahrzeug von dem Immobilien-Riesen Vonovia im Heidekampweg in Brand gesetzt. Wir haben uns entschieden auf welcher Seite wir stehen.<\/p>\n<p>H\u00e4nde weg von der Rigaer 94!<\/p>\n<p>Feuer und Flamme der Stadt der Reichen und dem Rot-Rot-Gr\u00fcnen Senat!<\/p><\/blockquote>\n<p><strong>Quelle<\/strong>: <a href=\"http:\/\/kontrpolioglnxrcdwwxfszih4pifyidfjgq4ktfdu6uh4nn35vjtuid.onion\/3953\/\">Kontrapolis<\/a> (Tor)<\/p>\n","protected":false},"excerpt":{"rendered":"<p>Berlin, 14. Juni 2021 Es ist ein leichtes die Brandschutzl\u00fcge vom Rot-Rot-Gr\u00fcnen R\u00e4umungs-Senat bez\u00fcglich der Rigaer 94 zu durchschauen. Umso dreister ist es, wie sich Geisel und Konsorten seit Monaten aufblasen um den anstehenden Angriff am 17. Juni auf das Haus politisch zu legitimieren. Aber auch die R\u00e4umungen von dem Buchladen Kisch &amp; Co und [&hellip;]<\/p>\n","protected":false},"author":12080,"featured_media":0,"comment_status":"closed","ping_status":"closed","sticky":false,"template":"","format":"standard","meta":{"footnotes":""},"categories":[2],"tags":[24],"class_list":["post-14797","post","type-post","status-publish","format-standard","hentry","category-de","tag-berlin"],"_links":{"self":[{"href":"https:\/\/chronik.noblogs.org\/index.php?rest_route=\/wp\/v2\/posts\/14797","targetHints":{"allow":["GET"]}}],"collection":[{"href":"https:\/\/chronik.noblogs.org\/index.php?rest_route=\/wp\/v2\/posts"}],"about":[{"href":"https:\/\/chronik.noblogs.org\/index.php?rest_route=\/wp\/v2\/types\/post"}],"author":[{"embeddable":true,"href":"https:\/\/chronik.noblogs.org\/index.php?rest_route=\/wp\/v2\/users\/12080"}],"replies":[{"embeddable":true,"href":"https:\/\/chronik.noblogs.org\/index.php?rest_route=%2Fwp%2Fv2%2Fcomments&post=14797"}],"version-history":[{"count":0,"href":"https:\/\/chronik.noblogs.org\/index.php?rest_route=\/wp\/v2\/posts\/14797\/revisions"}],"wp:attachment":[{"href":"https:\/\/chronik.noblogs.org\/index.php?rest_route=%2Fwp%2Fv2%2Fmedia&parent=14797"}],"wp:term":[{"taxonomy":"category","embeddable":true,"href":"https:\/\/chronik.noblogs.org\/index.php?rest_route=%2Fwp%2Fv2%2Fcategories&post=14797"},{"taxonomy":"post_tag","embeddable":true,"href":"https:\/\/chronik.noblogs.org\/index.php?rest_route=%2Fwp%2Fv2%2Ftags&post=14797"}],"curies":[{"name":"wp","href":"https:\/\/api.w.org\/{rel}","templated":true}]}}