{"id":14793,"date":"2021-06-15T00:00:22","date_gmt":"2021-06-14T22:00:22","guid":{"rendered":"http:\/\/chronik.blackblogs.org\/?p=14793"},"modified":"2021-06-15T00:00:22","modified_gmt":"2021-06-14T22:00:22","slug":"farbe-gegen-buero-von-stefan-evers-cdu","status":"publish","type":"post","link":"https:\/\/chronik.noblogs.org\/?p=14793","title":{"rendered":"Farbe gegen B\u00fcro von Stefan Evers (CDU)"},"content":{"rendered":"<p><strong><a href=\"https:\/\/chronik.blackblogs.org\/wp-content\/uploads\/sites\/109\/2021\/06\/eve.jpg\"><img loading=\"lazy\" decoding=\"async\" class=\"alignright size-medium wp-image-14795\" src=\"https:\/\/chronik.blackblogs.org\/wp-content\/uploads\/sites\/109\/2021\/06\/eve-300x210.jpg\" alt=\"\" width=\"300\" height=\"210\"><\/a>Berlin<\/strong>, 15. Juni 2021<\/p>\n<blockquote><p>Stefan Evers, Generalsekret\u00e4r der CDU Berlin und Mitglied der katholischen Studentenverbindung W.K.St.V. Unitas Berlin, geh\u00f6rt eigentlich dem liberalen Fl\u00fcgel der notorisch gl\u00fccklosen Berliner CDU an. Trotz seiner totalen Bedeutungslosigkeit im Politzirkus, hat es Stefan Evers im Jahr 2017 mit folgendem Satz kurzfristig in die Schlagzeilen geschafft:<\/p>\n<p>\u201eWiderw\u00e4rtiges Gesindel! Ich hoffe, der Innensenator erwacht endlich aus seinem politischen Koma und r\u00e4uchert dieses Nest von Linksfaschisten aus!\u201c (1)<\/p>\n<p>Das Zitat stammt von seiner Facebookseite und richtete sich an die Bewohner*innen der Rigaer94, welche sich damals im Fadenkreuz von Bullen, Faschisten und Law-and-Order Politiker*innen befanden. Der Ausgang ist bekannt,<!--more--> Sie alle verbrannten sich die H\u00e4nde an der Rigaer94 und mussten eine schmerzliche Niederlage einstecken. Aktuell befindet sich das Haus und mit ihm die linksradikale Szene Berlins in einem weiteren Verteidigungskampf. Dieses mal soll eine vorgeschobene \u201eBrandschutzkontrolle\u201c das Haus und seine Ideale vernichten.<\/p>\n<p>Die eigentliche Gefahr besteht f\u00fcr uns nicht in verschlossenen Haust\u00fcren oder dergleichen sondern in geistigen Brandstiftern wie Evers. Dieser gab sich damals auf Nachfrage der TAZ noch selbstbewusst:<\/p>\n<p>\u201eFalls sich die T\u00e4ter durch meine Aussage verletzt f\u00fchlen, sollen sie sich an Beh\u00f6rden wenden. Die werden sich freuen.\u201c<\/p>\n<p>Wir haben uns nicht an Beh\u00f6rden gewendet, die \u00e4hnlich wie Evers die Rigaer94 in Schutt und Asche sehen wollen sondern direkt an ihn. Wir haben sein B\u00fcro besucht und die Fassade mit mehreren Farbflaschen beworfen und passende Parolen hinterlassen.<\/p>\n<p>Evers wird seine Drohung nicht selber umsetzen, aber ob es andere bei Ank\u00fcndigungen belassen? W\u00e4hrend die Achse aus Innensenat und angeblichem Eigent\u00fcmer unter dem Vorwand des Brandschutzes schon mehrfach die Hoft\u00fcren entfernte \u00fcberbieten sich im Internet die potentiellen Amokl\u00e4ufer von Rechts mit Anschlagsdrohungen gegen die Rigaer94. Mal wird \u00fcber Attacken mit Sturmgewehr aufs Haus phantasiert, h\u00e4ufig geht es schlicht um das in Brand setzen des Hauses. Ohne selbstverwaltete Eingangst\u00fcren werden diese Bedrohungen realistischer. Es w\u00e4re nicht das erstmal, dass unliebsame Hausprojekte von ihren Feind*innen angez\u00fcndet werden.<\/p>\n<p>Um Brandschutz geht es ihnen also nicht, ganz im Gegenteil. Evers ist f\u00fcr uns \u00e4hnlich wie die AfD ein geistiger Brandstifter. Durch ihn sehen sich rechte M\u00f6rder*innen in ihrem Handeln best\u00e4tigt und motiviert. Wir werden nicht tatenlos dabei zusehen, wie der Staat und seine m\u00f6rderischen Banden unsere Projekte zerst\u00f6ren.<\/p>\n<p>Geistige Branstifter*innen angreifen! Rigaer 94 bleibt!<\/p>\n<p>(1): https:\/\/twitter.com\/janmz\/status\/868842073121861638<\/p><\/blockquote>\n<p><strong>Quelle<\/strong>: <a href=\"http:\/\/kontrpolioglnxrcdwwxfszih4pifyidfjgq4ktfdu6uh4nn35vjtuid.onion\/3971\/\">Kontrapolis<\/a> (Tor)<\/p>\n","protected":false},"excerpt":{"rendered":"<p>Berlin, 15. Juni 2021 Stefan Evers, Generalsekret\u00e4r der CDU Berlin und Mitglied der katholischen Studentenverbindung W.K.St.V. Unitas Berlin, geh\u00f6rt eigentlich dem liberalen Fl\u00fcgel der notorisch gl\u00fccklosen Berliner CDU an. Trotz seiner totalen Bedeutungslosigkeit im Politzirkus, hat es Stefan Evers im Jahr 2017 mit folgendem Satz kurzfristig in die Schlagzeilen geschafft: \u201eWiderw\u00e4rtiges Gesindel! Ich hoffe, der [&hellip;]<\/p>\n","protected":false},"author":12080,"featured_media":0,"comment_status":"closed","ping_status":"closed","sticky":false,"template":"","format":"standard","meta":{"footnotes":""},"categories":[2],"tags":[24],"class_list":["post-14793","post","type-post","status-publish","format-standard","hentry","category-de","tag-berlin"],"_links":{"self":[{"href":"https:\/\/chronik.noblogs.org\/index.php?rest_route=\/wp\/v2\/posts\/14793","targetHints":{"allow":["GET"]}}],"collection":[{"href":"https:\/\/chronik.noblogs.org\/index.php?rest_route=\/wp\/v2\/posts"}],"about":[{"href":"https:\/\/chronik.noblogs.org\/index.php?rest_route=\/wp\/v2\/types\/post"}],"author":[{"embeddable":true,"href":"https:\/\/chronik.noblogs.org\/index.php?rest_route=\/wp\/v2\/users\/12080"}],"replies":[{"embeddable":true,"href":"https:\/\/chronik.noblogs.org\/index.php?rest_route=%2Fwp%2Fv2%2Fcomments&post=14793"}],"version-history":[{"count":0,"href":"https:\/\/chronik.noblogs.org\/index.php?rest_route=\/wp\/v2\/posts\/14793\/revisions"}],"wp:attachment":[{"href":"https:\/\/chronik.noblogs.org\/index.php?rest_route=%2Fwp%2Fv2%2Fmedia&parent=14793"}],"wp:term":[{"taxonomy":"category","embeddable":true,"href":"https:\/\/chronik.noblogs.org\/index.php?rest_route=%2Fwp%2Fv2%2Fcategories&post=14793"},{"taxonomy":"post_tag","embeddable":true,"href":"https:\/\/chronik.noblogs.org\/index.php?rest_route=%2Fwp%2Fv2%2Ftags&post=14793"}],"curies":[{"name":"wp","href":"https:\/\/api.w.org\/{rel}","templated":true}]}}