{"id":14743,"date":"2021-05-17T00:00:53","date_gmt":"2021-05-16T22:00:53","guid":{"rendered":"http:\/\/chronik.blackblogs.org\/?p=14743"},"modified":"2021-05-17T00:00:53","modified_gmt":"2021-05-16T22:00:53","slug":"bitumen-gegen-afd-buero","status":"publish","type":"post","link":"https:\/\/chronik.noblogs.org\/?p=14743","title":{"rendered":"Bitumen gegen AfD-B\u00fcro"},"content":{"rendered":"<p><strong><a href=\"https:\/\/chronik.blackblogs.org\/wp-content\/uploads\/sites\/109\/2021\/06\/fd.jpg\"><img loading=\"lazy\" decoding=\"async\" class=\"alignright size-medium wp-image-14744\" src=\"https:\/\/chronik.blackblogs.org\/wp-content\/uploads\/sites\/109\/2021\/06\/fd-225x300.jpg\" alt=\"\" width=\"225\" height=\"300\"><\/a>Schwarzenberg<\/strong>, 17. Mai 2021<\/p>\n<blockquote><p>Nach einem Angriff auf ein AfD-B\u00fcro in Schwarzenberg (Erzgebirgskreis) ermittelt die Polizei wegen Sachbesch\u00e4digung. Unbekannte h\u00e4tten in der Nacht zum Sonntag zwei Scheiben, die T\u00fcr und die Fassade beschmiert &#8211; offenbar mit Bitumen, teilte die Polizeidirektion Chemnitz am Montag mit. Die Ermittler sch\u00e4tzten den Schaden auf etwa 5000 Euro. Nach Angaben der AfD-Landtagsfraktion handelt es sich um das B\u00fcro ihres Abgeordneten Thomas Thumm. Es sei schon der dritte Angriff auf sein B\u00fcro, erkl\u00e4rte er in einer Mitteilung. Thumm machte \u00abmutma\u00dfliche Linksextremisten\u00bb daf\u00fcr verantwortlich. \u00abDie Verwendung von schwer abwaschbarem Teer stellt dabei eine neue Eskalationsstufe dar.\u00bb<\/p><\/blockquote>\n<p><strong>Quelle<\/strong>: Zeit Online<\/p>\n","protected":false},"excerpt":{"rendered":"<p>Schwarzenberg, 17. Mai 2021 Nach einem Angriff auf ein AfD-B\u00fcro in Schwarzenberg (Erzgebirgskreis) ermittelt die Polizei wegen Sachbesch\u00e4digung. Unbekannte h\u00e4tten in der Nacht zum Sonntag zwei Scheiben, die T\u00fcr und die Fassade beschmiert &#8211; offenbar mit Bitumen, teilte die Polizeidirektion Chemnitz am Montag mit. Die Ermittler sch\u00e4tzten den Schaden auf etwa 5000 Euro. Nach Angaben [&hellip;]<\/p>\n","protected":false},"author":12080,"featured_media":0,"comment_status":"closed","ping_status":"closed","sticky":false,"template":"","format":"standard","meta":{"footnotes":""},"categories":[2],"tags":[397],"class_list":["post-14743","post","type-post","status-publish","format-standard","hentry","category-de","tag-schwarzenberg"],"_links":{"self":[{"href":"https:\/\/chronik.noblogs.org\/index.php?rest_route=\/wp\/v2\/posts\/14743","targetHints":{"allow":["GET"]}}],"collection":[{"href":"https:\/\/chronik.noblogs.org\/index.php?rest_route=\/wp\/v2\/posts"}],"about":[{"href":"https:\/\/chronik.noblogs.org\/index.php?rest_route=\/wp\/v2\/types\/post"}],"author":[{"embeddable":true,"href":"https:\/\/chronik.noblogs.org\/index.php?rest_route=\/wp\/v2\/users\/12080"}],"replies":[{"embeddable":true,"href":"https:\/\/chronik.noblogs.org\/index.php?rest_route=%2Fwp%2Fv2%2Fcomments&post=14743"}],"version-history":[{"count":0,"href":"https:\/\/chronik.noblogs.org\/index.php?rest_route=\/wp\/v2\/posts\/14743\/revisions"}],"wp:attachment":[{"href":"https:\/\/chronik.noblogs.org\/index.php?rest_route=%2Fwp%2Fv2%2Fmedia&parent=14743"}],"wp:term":[{"taxonomy":"category","embeddable":true,"href":"https:\/\/chronik.noblogs.org\/index.php?rest_route=%2Fwp%2Fv2%2Fcategories&post=14743"},{"taxonomy":"post_tag","embeddable":true,"href":"https:\/\/chronik.noblogs.org\/index.php?rest_route=%2Fwp%2Fv2%2Ftags&post=14743"}],"curies":[{"name":"wp","href":"https:\/\/api.w.org\/{rel}","templated":true}]}}