{"id":14734,"date":"2021-05-22T00:00:03","date_gmt":"2021-05-21T22:00:03","guid":{"rendered":"http:\/\/chronik.blackblogs.org\/?p=14734"},"modified":"2021-05-22T00:00:03","modified_gmt":"2021-05-21T22:00:03","slug":"reifen-an-auto-von-stefan-koester-npd-zerstochen","status":"publish","type":"post","link":"https:\/\/chronik.noblogs.org\/?p=14734","title":{"rendered":"Reifen an Auto von Stefan K\u00f6ster (NPD) zerstochen"},"content":{"rendered":"<p><strong>P\u00e4tow-Steegen<\/strong>, 22. Mai 2021<\/p>\n<blockquote><p>Im Vorfeld der Kundgebung der Nazi-Fraktion &#8220;Heimat und Identit\u00e4t&#8221; wurde das Auto von Fraktionsmitglied und ehemaligen NPD-Landtagsmitglied Stefan K\u00f6ster tiefer gelegt.<\/p>\n<p>Am Samstag, den 22.05.2021 f\u00fchrte die extrem rechte Kreistagsfraktion von Ludwigslust-Parchim &#8220;Heimat und Identit\u00e4t&#8221; eine Kundgebung in Schwerin durch. Die Fraktion setzt sich aus NPD-Mitgliedern und u.a. dem Ex-AfDler Dennis Augustin zusammen. Auf der Kundgebung redete auch der aus Westdeutschland importierte Spitzenkandidat f\u00fcr die NPD im Landtag MV, Frank Franz. Das Klientel bestand gr\u00f6\u00dftenteils aus Neonazis und kameradschaftlern sowie einigen AfDlern. Die Kundgebung wurde vom Gegenprotest \u00fcberschallt.<!--more--><\/p>\n<p>Bilder von der Veranstaltung findet man u.a. hier: https:\/\/pixelarchiv.org\/event\/2021.05.22.schwerin\/1#04.jpg<\/p>\n<p>Um zu zeigen, dass es f\u00fcr Nazis kein ruhiges Hinterland gibt, wurden in der Nacht zum Samstag die Reifen von Stefan K\u00f6sters Auto vor seinem Haus in P\u00e4tow-Steegen zerstochen. Das d\u00fcrfte seine Anreise etwas erschwert haben.<\/p><\/blockquote>\n<p><strong>Quelle<\/strong>: <a href=\"http:\/\/4iprcwrp64y7uiaekaisb6s4pl3pxo7x4o7hdmhsnvfeziqvmyl4jiyd.onion\/node\/1621915200149173\/\">OMPF<\/a> (Tor)<\/p>\n","protected":false},"excerpt":{"rendered":"<p>P\u00e4tow-Steegen, 22. Mai 2021 Im Vorfeld der Kundgebung der Nazi-Fraktion &#8220;Heimat und Identit\u00e4t&#8221; wurde das Auto von Fraktionsmitglied und ehemaligen NPD-Landtagsmitglied Stefan K\u00f6ster tiefer gelegt. Am Samstag, den 22.05.2021 f\u00fchrte die extrem rechte Kreistagsfraktion von Ludwigslust-Parchim &#8220;Heimat und Identit\u00e4t&#8221; eine Kundgebung in Schwerin durch. Die Fraktion setzt sich aus NPD-Mitgliedern und u.a. dem Ex-AfDler Dennis [&hellip;]<\/p>\n","protected":false},"author":12080,"featured_media":0,"comment_status":"closed","ping_status":"closed","sticky":false,"template":"","format":"standard","meta":{"footnotes":""},"categories":[2],"tags":[396],"class_list":["post-14734","post","type-post","status-publish","format-standard","hentry","category-de","tag-paetow-steegen"],"_links":{"self":[{"href":"https:\/\/chronik.noblogs.org\/index.php?rest_route=\/wp\/v2\/posts\/14734","targetHints":{"allow":["GET"]}}],"collection":[{"href":"https:\/\/chronik.noblogs.org\/index.php?rest_route=\/wp\/v2\/posts"}],"about":[{"href":"https:\/\/chronik.noblogs.org\/index.php?rest_route=\/wp\/v2\/types\/post"}],"author":[{"embeddable":true,"href":"https:\/\/chronik.noblogs.org\/index.php?rest_route=\/wp\/v2\/users\/12080"}],"replies":[{"embeddable":true,"href":"https:\/\/chronik.noblogs.org\/index.php?rest_route=%2Fwp%2Fv2%2Fcomments&post=14734"}],"version-history":[{"count":0,"href":"https:\/\/chronik.noblogs.org\/index.php?rest_route=\/wp\/v2\/posts\/14734\/revisions"}],"wp:attachment":[{"href":"https:\/\/chronik.noblogs.org\/index.php?rest_route=%2Fwp%2Fv2%2Fmedia&parent=14734"}],"wp:term":[{"taxonomy":"category","embeddable":true,"href":"https:\/\/chronik.noblogs.org\/index.php?rest_route=%2Fwp%2Fv2%2Fcategories&post=14734"},{"taxonomy":"post_tag","embeddable":true,"href":"https:\/\/chronik.noblogs.org\/index.php?rest_route=%2Fwp%2Fv2%2Ftags&post=14734"}],"curies":[{"name":"wp","href":"https:\/\/api.w.org\/{rel}","templated":true}]}}