{"id":1472,"date":"2015-10-26T00:10:35","date_gmt":"2015-10-25T22:10:35","guid":{"rendered":"http:\/\/chronik.blackblogs.org\/?p=1472"},"modified":"2015-10-26T00:10:35","modified_gmt":"2015-10-25T22:10:35","slug":"auto-von-beatrix-von-storch-afd-abgefackelt","status":"publish","type":"post","link":"https:\/\/chronik.noblogs.org\/?p=1472","title":{"rendered":"Auto von Beatrix von Storch (AfD) abgefackelt"},"content":{"rendered":"<p><strong><a href=\"https:\/\/chronik.blackblogs.org\/wp-content\/uploads\/sites\/109\/2015\/10\/beatrixAFD.jpg\"><img loading=\"lazy\" decoding=\"async\" class=\"alignright size-medium wp-image-1474\" src=\"https:\/\/chronik.blackblogs.org\/wp-content\/uploads\/sites\/109\/2015\/10\/beatrixAFD-300x200.jpg\" alt=\"beatrixAFD\" width=\"300\" height=\"200\" srcset=\"https:\/\/chronik.noblogs.org\/files\/2015\/10\/beatrixAFD-300x200.jpg 300w, https:\/\/chronik.noblogs.org\/files\/2015\/10\/beatrixAFD.jpg 700w\" sizes=\"auto, (max-width: 300px) 100vw, 300px\" \/><\/a>Berlin<\/strong>, 26. Oktober 2015<\/p>\n<blockquote><p>Unbekannte haben in der Nacht zum Montag das Auto der Berliner AfD-Europaabgeordneten Beatrix von Storch angez\u00fcndet. Nach Angaben der Polizei alarmierten Passanten gegen 2.30 Uhr die Polizei und die Feuerwehr zu dem brennenden Auto in die Swinem\u00fcnder Stra\u00dfe in Mitte.<\/p>\n<p>Die Feuerwehr l\u00f6schte den Brand. Der BMW der Politikerin erlitt einen Totalschaden. Zwei weitere daneben geparkte Autos wurden durch das Feuer ebenfalls besch\u00e4digt.<br \/>\n<!--more--><br \/>\nDie Ermittler schlie\u00dfen einen technischen Defekt als Brandursache aus. Der f\u00fcr die Verfolgung politisch motivierter Straftaten zust\u00e4ndige polizeiliche Staatsschutz beim Landeskriminalamt f\u00fchrt die weiteren Ermittlungen wegen vors\u00e4tzlicher Brandstiftung. Er geht davon aus, dass Linksextremisten die Tat begangen haben.<\/p>\n<p>Die 44-j\u00e4hrige Beatrix von Storch wird dem rechtskonservativen Fl\u00fcgel der Partei zugerechnet. Seit 2014 sitzt sie f\u00fcr die AfD im Europ\u00e4ischen Parlament. In diesem Jahr wurde sie zur stellvertretenden AfD-Bundesvorsitzenden gew\u00e4hlt. (kop.)<\/p><\/blockquote>\n<p><strong>Quelle<\/strong>: <a href=\"https:\/\/linksunten.indymedia.org\/de\/node\/157331\">Berliner Zeitung<\/a><\/p>\n<p>&nbsp;<\/p>\n<p>Presse:<br \/>\n<strong>TAZ<\/strong>: <a href=\"https:\/\/linksunten.indymedia.org\/de\/node\/157333\">Brandanschlag auf Auto und Wohnungseinbruch<\/a><br \/>\n<strong>Tagesspiegel<\/strong>: <a href=\"https:\/\/linksunten.indymedia.org\/de\/node\/157235\">Berlin-Mitte: BMW von AfD-Politikerin ausgebrannt &#8211; Staatsschutz ermittelt<\/a><br \/>\n<strong>Berliner Kurier<\/strong>: <a href=\"https:\/\/linksunten.indymedia.org\/de\/node\/157327\">Anschlag: BMW von AfD-Politikerin abgefackelt<\/a><br \/>\n<strong>Berliner Morgenpost<\/strong>: <a href=\"https:\/\/linksunten.indymedia.org\/de\/node\/157329\">Anschlag auf Auto von AfD-Politikerin<\/a><br \/>\n<strong>Berliner Morgenpost<\/strong>: <a href=\"https:\/\/linksunten.indymedia.org\/de\/node\/157317\">Brandanschlag und Einbruch bei AfD-Funktion\u00e4ren<\/a><\/p>\n<p>&nbsp;<\/p>\n<p><strong>Poli<\/strong><a href=\"https:\/\/chronik.blackblogs.org\/wp-content\/uploads\/sites\/109\/2015\/10\/157236.png\"><img loading=\"lazy\" decoding=\"async\" class=\"alignright size-medium wp-image-1476\" src=\"https:\/\/chronik.blackblogs.org\/wp-content\/uploads\/sites\/109\/2015\/10\/157236-255x300.png\" alt=\"157236\" width=\"255\" height=\"300\" srcset=\"https:\/\/chronik.noblogs.org\/files\/2015\/10\/157236-255x300.png 255w, https:\/\/chronik.noblogs.org\/files\/2015\/10\/157236.png 549w\" sizes=\"auto, (max-width: 255px) 100vw, 255px\" \/><\/a><strong>zei:<\/strong><\/p>\n<blockquote><p>Auto stand in Flammen<br \/>\nPolizeimeldung vom 26.10.2015<br \/>\nMitte<br \/>\nNr. 2582<br \/>\nIn der vergangenen Nacht stand ein BMW in Mitte in Flammen. Gegen 2.30 Uhr alarmierten Passanten Polizei und Feuerwehr zu dem brennenden Auto in die Swinem\u00fcnder Stra\u00dfe. Die Feuerwehr l\u00f6schte den Brand. Zwei weitere Fahrzeuge wurden durch das Feuer ebenfalls in Mitleidenschaft gezogen. Der Polizeiliche Staatsschutz f\u00fchrt die weiteren Ermittlungen.<\/p><\/blockquote>\n","protected":false},"excerpt":{"rendered":"<p>Berlin, 26. Oktober 2015 Unbekannte haben in der Nacht zum Montag das Auto der Berliner AfD-Europaabgeordneten Beatrix von Storch angez\u00fcndet. Nach Angaben der Polizei alarmierten Passanten gegen 2.30 Uhr die Polizei und die Feuerwehr zu dem brennenden Auto in die Swinem\u00fcnder Stra\u00dfe in Mitte. Die Feuerwehr l\u00f6schte den Brand. Der BMW der Politikerin erlitt einen [&hellip;]<\/p>\n","protected":false},"author":12080,"featured_media":0,"comment_status":"closed","ping_status":"closed","sticky":false,"template":"","format":"standard","meta":{"footnotes":""},"categories":[2],"tags":[24],"class_list":["post-1472","post","type-post","status-publish","format-standard","hentry","category-de","tag-berlin"],"_links":{"self":[{"href":"https:\/\/chronik.noblogs.org\/index.php?rest_route=\/wp\/v2\/posts\/1472","targetHints":{"allow":["GET"]}}],"collection":[{"href":"https:\/\/chronik.noblogs.org\/index.php?rest_route=\/wp\/v2\/posts"}],"about":[{"href":"https:\/\/chronik.noblogs.org\/index.php?rest_route=\/wp\/v2\/types\/post"}],"author":[{"embeddable":true,"href":"https:\/\/chronik.noblogs.org\/index.php?rest_route=\/wp\/v2\/users\/12080"}],"replies":[{"embeddable":true,"href":"https:\/\/chronik.noblogs.org\/index.php?rest_route=%2Fwp%2Fv2%2Fcomments&post=1472"}],"version-history":[{"count":0,"href":"https:\/\/chronik.noblogs.org\/index.php?rest_route=\/wp\/v2\/posts\/1472\/revisions"}],"wp:attachment":[{"href":"https:\/\/chronik.noblogs.org\/index.php?rest_route=%2Fwp%2Fv2%2Fmedia&parent=1472"}],"wp:term":[{"taxonomy":"category","embeddable":true,"href":"https:\/\/chronik.noblogs.org\/index.php?rest_route=%2Fwp%2Fv2%2Fcategories&post=1472"},{"taxonomy":"post_tag","embeddable":true,"href":"https:\/\/chronik.noblogs.org\/index.php?rest_route=%2Fwp%2Fv2%2Ftags&post=1472"}],"curies":[{"name":"wp","href":"https:\/\/api.w.org\/{rel}","templated":true}]}}