{"id":14636,"date":"2021-05-01T00:00:19","date_gmt":"2021-04-30T22:00:19","guid":{"rendered":"http:\/\/chronik.blackblogs.org\/?p=14636"},"modified":"2021-05-01T00:00:19","modified_gmt":"2021-04-30T22:00:19","slug":"zwei-ordnungsamt-autos-beschaedigt","status":"publish","type":"post","link":"https:\/\/chronik.noblogs.org\/?p=14636","title":{"rendered":"Zwei Ordnungsamt-Autos besch\u00e4digt"},"content":{"rendered":"<p><strong>K\u00f6ln<\/strong>, Mai 2021<\/p>\n<blockquote><p>Nachdem am Wochenende bei Corona-Kontrollen unabh\u00e4ngig voneinander zwei Streifenwagen des K\u00f6lner Ordnungsamts besch\u00e4digt wurden, hat die Stadt Strafanzeigen bei der Polizei gestellt. In einem Fall beschmierten in der Nacht zum Sonntag nach Angaben der Stadt Unbekannte in Bilderst\u00f6ckchen eines der Autos mit schwarzer Farbe, als die Ordnungskr\u00e4fte gerade in einem Einsatz wegen einer L\u00e4rmbeschwerde und daher nicht im Dienstwagen sa\u00dfen.<\/p>\n<p>Am Abend zuvor hatten Unbekannte demnach mit einem Messer zwei Reifen eines Streifenwagens in Chorweiler aufgeschlitzt,<!--more--> sodass das Auto abgeschleppt werden musste. Bei diesem Einsatz l\u00f6sten die Mitarbeiter des Ordnungsamts eine Privatparty in einer Wohnung auf. Vier Personen seien gefl\u00fcchtet, hie\u00df es. Vier weitere seien in der Wohnung geblieben, zwei davon h\u00e4tten versucht, sich im Schrank zu verstecken.<\/p><\/blockquote>\n<p><strong>Quelle<\/strong>: <a href=\"https:\/\/www.ksta.de\/koeln\/messer-und-farbe-dienstautos-des-koelner-ordnungsamts-bei-corona-kontrollen-beschaedigt-38352110?cb=1620317886100#\">KSTA<\/a><\/p>\n","protected":false},"excerpt":{"rendered":"<p>K\u00f6ln, Mai 2021 Nachdem am Wochenende bei Corona-Kontrollen unabh\u00e4ngig voneinander zwei Streifenwagen des K\u00f6lner Ordnungsamts besch\u00e4digt wurden, hat die Stadt Strafanzeigen bei der Polizei gestellt. In einem Fall beschmierten in der Nacht zum Sonntag nach Angaben der Stadt Unbekannte in Bilderst\u00f6ckchen eines der Autos mit schwarzer Farbe, als die Ordnungskr\u00e4fte gerade in einem Einsatz wegen [&hellip;]<\/p>\n","protected":false},"author":12080,"featured_media":0,"comment_status":"closed","ping_status":"closed","sticky":false,"template":"","format":"standard","meta":{"footnotes":""},"categories":[2],"tags":[110],"class_list":["post-14636","post","type-post","status-publish","format-standard","hentry","category-de","tag-koeln"],"_links":{"self":[{"href":"https:\/\/chronik.noblogs.org\/index.php?rest_route=\/wp\/v2\/posts\/14636","targetHints":{"allow":["GET"]}}],"collection":[{"href":"https:\/\/chronik.noblogs.org\/index.php?rest_route=\/wp\/v2\/posts"}],"about":[{"href":"https:\/\/chronik.noblogs.org\/index.php?rest_route=\/wp\/v2\/types\/post"}],"author":[{"embeddable":true,"href":"https:\/\/chronik.noblogs.org\/index.php?rest_route=\/wp\/v2\/users\/12080"}],"replies":[{"embeddable":true,"href":"https:\/\/chronik.noblogs.org\/index.php?rest_route=%2Fwp%2Fv2%2Fcomments&post=14636"}],"version-history":[{"count":0,"href":"https:\/\/chronik.noblogs.org\/index.php?rest_route=\/wp\/v2\/posts\/14636\/revisions"}],"wp:attachment":[{"href":"https:\/\/chronik.noblogs.org\/index.php?rest_route=%2Fwp%2Fv2%2Fmedia&parent=14636"}],"wp:term":[{"taxonomy":"category","embeddable":true,"href":"https:\/\/chronik.noblogs.org\/index.php?rest_route=%2Fwp%2Fv2%2Fcategories&post=14636"},{"taxonomy":"post_tag","embeddable":true,"href":"https:\/\/chronik.noblogs.org\/index.php?rest_route=%2Fwp%2Fv2%2Ftags&post=14636"}],"curies":[{"name":"wp","href":"https:\/\/api.w.org\/{rel}","templated":true}]}}