{"id":14398,"date":"2021-04-18T00:00:40","date_gmt":"2021-04-17T22:00:40","guid":{"rendered":"http:\/\/chronik.blackblogs.org\/?p=14398"},"modified":"2021-04-18T00:00:40","modified_gmt":"2021-04-17T22:00:40","slug":"hertz-transporter-angezuendet","status":"publish","type":"post","link":"https:\/\/chronik.noblogs.org\/?p=14398","title":{"rendered":"Hertz-Transporter angez\u00fcndet"},"content":{"rendered":"<p><strong><a href=\"https:\/\/chronik.blackblogs.org\/wp-content\/uploads\/sites\/109\/2021\/04\/1.jpg\"><img loading=\"lazy\" decoding=\"async\" class=\"alignright size-medium wp-image-14399\" src=\"https:\/\/chronik.blackblogs.org\/wp-content\/uploads\/sites\/109\/2021\/04\/1-300x200.jpg\" alt=\"\" width=\"300\" height=\"200\"><\/a>Berlin<\/strong>, 18. April 2021<\/p>\n<blockquote><p>Letzte Woche wurde vom Verfassungsgericht der Mietendeckel gekippt. Dieser bedeutet f\u00fcr viele Berliner_innen sich grade so doch eine Wohnung in ihrer Heimatstadt oder ihrem Wahlzuhause leisten zu k\u00f6nnen. Das Urteil macht dies nun nicht nur unm\u00f6glich sondern bedeutet auch noch gro\u00dfe R\u00fcckzahlungen an die verfickten Vermieter_innen. Solch eine Schweinerei darf nicht unbeantwortet bleiben. Deshalb haben wir kurzerhand einen Hertz-Transporter in der Stra\u00dfe Zur B\u00f6rse angez\u00fcndet. Hertz r\u00fcstet die griechischen Bullen aus, darf also gerne als Ziel dieser Mieter_innen-Reaktion herhalten.<\/p>\n<p>Au\u00dferdem ist diese beschissene Ausgangsbeschr\u00e4nkung ebenfalls nicht hinzunehmen. Wir lassen uns nicht \u00fcber Monate einsperren! Sollte die bundesweite Ausgangssperre ab 21 Uhr kommen solltet ihr euch lieber<!--more--> 2 mal \u00fcberlegen eure Firmenkarren in unseren Vierteln rumstehen zu lassen. Wir haben genug von der Schei\u00dfe und werden versuchen euch nicht zur Ruhe kommen zu lassen.<br \/>\nWir schlie\u00dfen uns dem Aufruf aus Leipzig des letzten Winters an!<br \/>\nAufstand statt Ausgangssperre!<br \/>\nFeuer statt Verfassungen!<\/p><\/blockquote>\n<p><strong>Quelle<\/strong>: Kontrapolis.info<\/p>\n<p>&nbsp;<\/p>\n<blockquote><p>Mehrere Autos haben in Berlin-Prenzlauer Berg und im Ortsteil Altglienicke von Treptow-K\u00f6penick gebrannt. Zeugen sahen am fr\u00fchen Sonntagmorgen in der Stra\u00dfe Zur B\u00f6rse zun\u00e4chst Flammen an einem Transporter, wie die Polizei mitteilte. Der Mietwagen brannte demnach v\u00f6llig aus. Die alarmierte Feuerwehr kam zum L\u00f6schen.<\/p><\/blockquote>\n<p><strong>Quelle<\/strong>: Berliner Morgenpost<\/p>\n","protected":false},"excerpt":{"rendered":"<p>Berlin, 18. April 2021 Letzte Woche wurde vom Verfassungsgericht der Mietendeckel gekippt. Dieser bedeutet f\u00fcr viele Berliner_innen sich grade so doch eine Wohnung in ihrer Heimatstadt oder ihrem Wahlzuhause leisten zu k\u00f6nnen. Das Urteil macht dies nun nicht nur unm\u00f6glich sondern bedeutet auch noch gro\u00dfe R\u00fcckzahlungen an die verfickten Vermieter_innen. Solch eine Schweinerei darf nicht [&hellip;]<\/p>\n","protected":false},"author":12080,"featured_media":0,"comment_status":"closed","ping_status":"closed","sticky":false,"template":"","format":"standard","meta":{"footnotes":""},"categories":[2],"tags":[24],"class_list":["post-14398","post","type-post","status-publish","format-standard","hentry","category-de","tag-berlin"],"_links":{"self":[{"href":"https:\/\/chronik.noblogs.org\/index.php?rest_route=\/wp\/v2\/posts\/14398","targetHints":{"allow":["GET"]}}],"collection":[{"href":"https:\/\/chronik.noblogs.org\/index.php?rest_route=\/wp\/v2\/posts"}],"about":[{"href":"https:\/\/chronik.noblogs.org\/index.php?rest_route=\/wp\/v2\/types\/post"}],"author":[{"embeddable":true,"href":"https:\/\/chronik.noblogs.org\/index.php?rest_route=\/wp\/v2\/users\/12080"}],"replies":[{"embeddable":true,"href":"https:\/\/chronik.noblogs.org\/index.php?rest_route=%2Fwp%2Fv2%2Fcomments&post=14398"}],"version-history":[{"count":0,"href":"https:\/\/chronik.noblogs.org\/index.php?rest_route=\/wp\/v2\/posts\/14398\/revisions"}],"wp:attachment":[{"href":"https:\/\/chronik.noblogs.org\/index.php?rest_route=%2Fwp%2Fv2%2Fmedia&parent=14398"}],"wp:term":[{"taxonomy":"category","embeddable":true,"href":"https:\/\/chronik.noblogs.org\/index.php?rest_route=%2Fwp%2Fv2%2Fcategories&post=14398"},{"taxonomy":"post_tag","embeddable":true,"href":"https:\/\/chronik.noblogs.org\/index.php?rest_route=%2Fwp%2Fv2%2Ftags&post=14398"}],"curies":[{"name":"wp","href":"https:\/\/api.w.org\/{rel}","templated":true}]}}