{"id":14329,"date":"2021-03-29T00:00:04","date_gmt":"2021-03-28T22:00:04","guid":{"rendered":"http:\/\/chronik.blackblogs.org\/?p=14329"},"modified":"2021-03-29T00:00:04","modified_gmt":"2021-03-28T22:00:04","slug":"farbe-gegen-querdenken-treffpunkt","status":"publish","type":"post","link":"https:\/\/chronik.noblogs.org\/?p=14329","title":{"rendered":"Farbe gegen Querdenken-Treffpunkt"},"content":{"rendered":"<p><strong>Kiel<\/strong>, 29. M\u00e4rz 2021<\/p>\n<blockquote><p>In der Nacht von 28. auf 29. M\u00e4rz haben wir die Traumfabrik GmbH in Kiel mit Farbe markiert. Dabei waren vor allem die Plakatw\u00e4nde an der Stra\u00dfe unser Ziel, da hier seit Sommer vergangenen Jahres coronarelativierende und verschw\u00f6rungsideologische Inhalte propagiert werden. Die Trauma entwickelte sich in den vergangenen Monaten immer mehr zu einem Treffpunkt und Veranstaltungsort f\u00fcr die Querdenken-Szene, deren Hauptakteure in Kiel sich seit Dezember 2020 unter dem Namen &#8220;Kiel steht auf&#8221; sammeln.<br \/>\nDiese Gruppe organisiert Montags und Donnerstags regelm\u00e4\u00dfige Demonstrationen und haben bei landesweiten Aufrufen ein hohes Mobilisierungspotenzial. Bei den deutlich kleineren, w\u00f6chentlichen <!--more-->Demonstrationen kann seit einiger Zeit ein vermehrtes Auftreten der sog. Identit\u00e4ren Bewegung festgestellt werden.<br \/>\nDies markiert den bisherigen H\u00f6hepunkt an Rechtsoffenheit der Coronaleugner*innen in Kiel, wenn auch schon vorher antisemitische und rechtspopulistische Inhalte Teil der Versammlungen waren. Mit unserer Aktion wollten wir die coronarelativierenden und verschw\u00f6rungsideologischen Inhalte unkenntlich machen und den selbsternannten Querdenker*innen auch abseits der Stra\u00dfe deutlich zeigen, dass sie keine Ruhe vor uns finden werden. Kampf dem Faschismus in all seinen Formen!<\/p><\/blockquote>\n<p><strong>Quelle<\/strong>: Email<\/p>\n","protected":false},"excerpt":{"rendered":"<p>Kiel, 29. M\u00e4rz 2021 In der Nacht von 28. auf 29. M\u00e4rz haben wir die Traumfabrik GmbH in Kiel mit Farbe markiert. Dabei waren vor allem die Plakatw\u00e4nde an der Stra\u00dfe unser Ziel, da hier seit Sommer vergangenen Jahres coronarelativierende und verschw\u00f6rungsideologische Inhalte propagiert werden. Die Trauma entwickelte sich in den vergangenen Monaten immer mehr [&hellip;]<\/p>\n","protected":false},"author":12080,"featured_media":0,"comment_status":"closed","ping_status":"closed","sticky":false,"template":"","format":"standard","meta":{"footnotes":""},"categories":[2],"tags":[114],"class_list":["post-14329","post","type-post","status-publish","format-standard","hentry","category-de","tag-kiel"],"_links":{"self":[{"href":"https:\/\/chronik.noblogs.org\/index.php?rest_route=\/wp\/v2\/posts\/14329","targetHints":{"allow":["GET"]}}],"collection":[{"href":"https:\/\/chronik.noblogs.org\/index.php?rest_route=\/wp\/v2\/posts"}],"about":[{"href":"https:\/\/chronik.noblogs.org\/index.php?rest_route=\/wp\/v2\/types\/post"}],"author":[{"embeddable":true,"href":"https:\/\/chronik.noblogs.org\/index.php?rest_route=\/wp\/v2\/users\/12080"}],"replies":[{"embeddable":true,"href":"https:\/\/chronik.noblogs.org\/index.php?rest_route=%2Fwp%2Fv2%2Fcomments&post=14329"}],"version-history":[{"count":0,"href":"https:\/\/chronik.noblogs.org\/index.php?rest_route=\/wp\/v2\/posts\/14329\/revisions"}],"wp:attachment":[{"href":"https:\/\/chronik.noblogs.org\/index.php?rest_route=%2Fwp%2Fv2%2Fmedia&parent=14329"}],"wp:term":[{"taxonomy":"category","embeddable":true,"href":"https:\/\/chronik.noblogs.org\/index.php?rest_route=%2Fwp%2Fv2%2Fcategories&post=14329"},{"taxonomy":"post_tag","embeddable":true,"href":"https:\/\/chronik.noblogs.org\/index.php?rest_route=%2Fwp%2Fv2%2Ftags&post=14329"}],"curies":[{"name":"wp","href":"https:\/\/api.w.org\/{rel}","templated":true}]}}