{"id":14271,"date":"2021-03-12T00:00:00","date_gmt":"2021-03-11T22:00:00","guid":{"rendered":"http:\/\/chronik.blackblogs.org\/?p=14271"},"modified":"2021-03-12T00:00:00","modified_gmt":"2021-03-11T22:00:00","slug":"farbanschlag-auf-afd-buero","status":"publish","type":"post","link":"https:\/\/chronik.noblogs.org\/?p=14271","title":{"rendered":"Farbanschlag auf AfD-B\u00fcro"},"content":{"rendered":"<p><strong><a href=\"https:\/\/chronik.blackblogs.org\/wp-content\/uploads\/sites\/109\/2021\/03\/blank.png\"><img loading=\"lazy\" decoding=\"async\" class=\"alignright size-medium wp-image-14273\" src=\"https:\/\/chronik.blackblogs.org\/wp-content\/uploads\/sites\/109\/2021\/03\/blank-300x201.png\" alt=\"\" width=\"300\" height=\"201\"><\/a>Berlin<\/strong>, 12. M\u00e4rz 2021<\/p>\n<blockquote><p>Das B\u00fcrgerb\u00fcro in Blankenburg ist am 12. M\u00e4rz erneut besch\u00e4digt worden. Bisher unbekannte T\u00e4ter warfen Farbbeutel auf W\u00e4nde und Eingangst\u00fcren. Der Sachschaden bel\u00e4uft sich auf ca. 1.500 Euro. Es ist der insgesamt 8. kriminelle Vorgang auf dieses B\u00fcro der 4 Pankower Volksvertreter.<\/p><\/blockquote>\n<p><strong>Quelle<\/strong>: Allgemeine Berliner Zeitung<\/p>\n","protected":false},"excerpt":{"rendered":"<p>Berlin, 12. M\u00e4rz 2021 Das B\u00fcrgerb\u00fcro in Blankenburg ist am 12. M\u00e4rz erneut besch\u00e4digt worden. Bisher unbekannte T\u00e4ter warfen Farbbeutel auf W\u00e4nde und Eingangst\u00fcren. Der Sachschaden bel\u00e4uft sich auf ca. 1.500 Euro. Es ist der insgesamt 8. kriminelle Vorgang auf dieses B\u00fcro der 4 Pankower Volksvertreter. Quelle: Allgemeine Berliner Zeitung<\/p>\n","protected":false},"author":12080,"featured_media":0,"comment_status":"closed","ping_status":"closed","sticky":false,"template":"","format":"standard","meta":{"footnotes":""},"categories":[2],"tags":[24],"class_list":["post-14271","post","type-post","status-publish","format-standard","hentry","category-de","tag-berlin"],"_links":{"self":[{"href":"https:\/\/chronik.noblogs.org\/index.php?rest_route=\/wp\/v2\/posts\/14271","targetHints":{"allow":["GET"]}}],"collection":[{"href":"https:\/\/chronik.noblogs.org\/index.php?rest_route=\/wp\/v2\/posts"}],"about":[{"href":"https:\/\/chronik.noblogs.org\/index.php?rest_route=\/wp\/v2\/types\/post"}],"author":[{"embeddable":true,"href":"https:\/\/chronik.noblogs.org\/index.php?rest_route=\/wp\/v2\/users\/12080"}],"replies":[{"embeddable":true,"href":"https:\/\/chronik.noblogs.org\/index.php?rest_route=%2Fwp%2Fv2%2Fcomments&post=14271"}],"version-history":[{"count":0,"href":"https:\/\/chronik.noblogs.org\/index.php?rest_route=\/wp\/v2\/posts\/14271\/revisions"}],"wp:attachment":[{"href":"https:\/\/chronik.noblogs.org\/index.php?rest_route=%2Fwp%2Fv2%2Fmedia&parent=14271"}],"wp:term":[{"taxonomy":"category","embeddable":true,"href":"https:\/\/chronik.noblogs.org\/index.php?rest_route=%2Fwp%2Fv2%2Fcategories&post=14271"},{"taxonomy":"post_tag","embeddable":true,"href":"https:\/\/chronik.noblogs.org\/index.php?rest_route=%2Fwp%2Fv2%2Ftags&post=14271"}],"curies":[{"name":"wp","href":"https:\/\/api.w.org\/{rel}","templated":true}]}}