{"id":14201,"date":"2021-03-15T00:00:03","date_gmt":"2021-03-14T22:00:03","guid":{"rendered":"http:\/\/chronik.blackblogs.org\/?p=14201"},"modified":"2021-03-15T00:00:03","modified_gmt":"2021-03-14T22:00:03","slug":"mercedes-g-klasse-angezuendet","status":"publish","type":"post","link":"https:\/\/chronik.noblogs.org\/?p=14201","title":{"rendered":"Mercedes G-Klasse angez\u00fcndet"},"content":{"rendered":"<p><strong><a href=\"https:\/\/chronik.blackblogs.org\/wp-content\/uploads\/sites\/109\/2021\/03\/gklasse.jpg\"><img loading=\"lazy\" decoding=\"async\" class=\"alignright size-medium wp-image-14202\" src=\"https:\/\/chronik.blackblogs.org\/wp-content\/uploads\/sites\/109\/2021\/03\/gklasse-300x200.jpg\" alt=\"\" width=\"300\" height=\"200\"><\/a>Berlin<\/strong>, 15. M\u00e4rz 2021<\/p>\n<blockquote><p>Die staatlichen Angriffe auf unkommerzielle Kultur und widerst\u00e4ndige Strukturen in Berlin kommen die Verantwortlichen teuer zu stehen. Nicht nur Politiker_Innen halten ihren Kopf hin sondern auch ihre Wahlklientel. Diejenigen, die Viel haben, m\u00fcssen wieder vermehrt um ihr Eigentum bangen. Die angek\u00fcndigten Sirenengewitter folgen auf Blitzen und Knallen von gebratenen Seitenairbags unglaublich teurer motorisierter Spielzeuge. Die Pyrotechniker_innen sind l\u00e4ngst \u00fcber alle Berge und alles was zur\u00fcck bleibt sind Haufen von Schrott.<\/p>\n<p>Am Montag Abend hat es einen Gel\u00e4ndewagen von Mercedes in Friedrichshain getroffen. Ein gutes Ziel, denn eine normale G-Klasse mit ein bisschen Schnickschnack, deren Brand weniger CO2 verursacht als sein Weiterbetrieb,<!--more--> kostet neu easy 100.000 Euros.<\/p>\n<p>Wir warnen die Verantwortlichen: die angedrohten R\u00e4umungen von Rigaer94, Potse, Koepi und Meuterei k\u00f6nnten einen unkontrollierbaren Moment herbeif\u00fchren. In diesem k\u00f6nnten noch ganz andere Dinge anbrennen als einzelne Luxusschlitten. Die Geschehnisse der letzten und kommenden Tage jedenfalls sprechen eine klare Sprache. Demonstrationen und Blockaden werden von blitzartigen kleineren und groesseren dezentralen Aktionen begleitet \u2013 in verschiedensten St\u00e4dten. Die Berliner Bullen werden die Orientierung verlieren, wenn sie im ganzen Stadtgebiet erfolglos versuchen, die Kontrolle zu bewahren.<\/p>\n<p>Alle, die sich im Konflikt mit dem Staat befinden, sollten sich bereit halten um mitzumachen \u2013 sp\u00e4testens wenn es richtig los geht. Am besten jedoch schon jetzt. In zahlreichen St\u00e4dten nicht nur auf deutschem Staatsgebiet wird mit Soliaktionen bereits wichtige Vorarbeit geleistet um die Stimmung auf den ersehnten H\u00f6hepunkt zu bringen.<\/p>\n<p>Wir schliessen uns an und freuen uns darauf. Auf das es richtig kracht!<\/p>\n<p>G-Klasse-Anschlag.png<\/p><\/blockquote>\n<p><strong>Quelle<\/strong>: kontrapolis.info (TOR: kontrpolioglnxrcdwwxfszih4pifyidfjgq4ktfdu6uh4nn35vjtuid.onion\/2783\/&nbsp; )<\/p>\n<p>&nbsp;<\/p>\n<p>&nbsp;<\/p>\n<blockquote><p>Ein in der Karl-Marx-Allee in Friedrichshain geparkter Mercedes Benz ist heute Nacht bei einem Brand erheblich besch\u00e4digt worden. Gegen 2.30 Uhr bemerkte eine Passantin das in Flammen stehende Firmen-Fahrzeug und alarmierte die Feuerwehr, die den Pkw kurze Zeit sp\u00e4ter l\u00f6schte. Ein in der N\u00e4he abgestellter BMW-Gel\u00e4ndewagen wurde von dem Brand leicht besch\u00e4digt. Verletzt wurde niemand. Wegen des Verdachts der Brandstiftung f\u00fchrt ein Brandkommissariat beim Landeskriminalamt die weiteren, noch andauernden Ermittlungen.<\/p><\/blockquote>\n<p><strong>Quelle<\/strong>: Bullen<\/p>\n","protected":false},"excerpt":{"rendered":"<p>Berlin, 15. M\u00e4rz 2021 Die staatlichen Angriffe auf unkommerzielle Kultur und widerst\u00e4ndige Strukturen in Berlin kommen die Verantwortlichen teuer zu stehen. Nicht nur Politiker_Innen halten ihren Kopf hin sondern auch ihre Wahlklientel. Diejenigen, die Viel haben, m\u00fcssen wieder vermehrt um ihr Eigentum bangen. Die angek\u00fcndigten Sirenengewitter folgen auf Blitzen und Knallen von gebratenen Seitenairbags unglaublich [&hellip;]<\/p>\n","protected":false},"author":12080,"featured_media":0,"comment_status":"closed","ping_status":"closed","sticky":false,"template":"","format":"standard","meta":{"footnotes":""},"categories":[2],"tags":[24],"class_list":["post-14201","post","type-post","status-publish","format-standard","hentry","category-de","tag-berlin"],"_links":{"self":[{"href":"https:\/\/chronik.noblogs.org\/index.php?rest_route=\/wp\/v2\/posts\/14201","targetHints":{"allow":["GET"]}}],"collection":[{"href":"https:\/\/chronik.noblogs.org\/index.php?rest_route=\/wp\/v2\/posts"}],"about":[{"href":"https:\/\/chronik.noblogs.org\/index.php?rest_route=\/wp\/v2\/types\/post"}],"author":[{"embeddable":true,"href":"https:\/\/chronik.noblogs.org\/index.php?rest_route=\/wp\/v2\/users\/12080"}],"replies":[{"embeddable":true,"href":"https:\/\/chronik.noblogs.org\/index.php?rest_route=%2Fwp%2Fv2%2Fcomments&post=14201"}],"version-history":[{"count":0,"href":"https:\/\/chronik.noblogs.org\/index.php?rest_route=\/wp\/v2\/posts\/14201\/revisions"}],"wp:attachment":[{"href":"https:\/\/chronik.noblogs.org\/index.php?rest_route=%2Fwp%2Fv2%2Fmedia&parent=14201"}],"wp:term":[{"taxonomy":"category","embeddable":true,"href":"https:\/\/chronik.noblogs.org\/index.php?rest_route=%2Fwp%2Fv2%2Fcategories&post=14201"},{"taxonomy":"post_tag","embeddable":true,"href":"https:\/\/chronik.noblogs.org\/index.php?rest_route=%2Fwp%2Fv2%2Ftags&post=14201"}],"curies":[{"name":"wp","href":"https:\/\/api.w.org\/{rel}","templated":true}]}}