{"id":14133,"date":"2021-03-05T00:00:51","date_gmt":"2021-03-04T22:00:51","guid":{"rendered":"http:\/\/chronik.blackblogs.org\/?p=14133"},"modified":"2021-03-05T00:00:51","modified_gmt":"2021-03-04T22:00:51","slug":"rolladen-bei-afd-buero-verklebt","status":"publish","type":"post","link":"https:\/\/chronik.noblogs.org\/?p=14133","title":{"rendered":"Rolladen bei AfD-B\u00fcro verklebt"},"content":{"rendered":"<p><strong>Ludwigshafen<\/strong>, 5. M\u00e4rz 2021<\/p>\n<blockquote><p>In der Nacht von Donnerstag auf Freitag den 05.03.21 haben wir das AfD-B\u00fcro in der Innenstadt von Ludwigshafen besucht und mit Bauschaum angegriffen.<\/p>\n<p>Die AfD in Ludwigshafen hat wohl gedacht Sie kann ganz dreist ein B\u00fcro mitten in der Innenstadt er\u00f6ffnen und sich mit elektrischen Rolll\u00e4den mit Alarmsicherung um das ganze B\u00fcro vor n\u00e4chtlichen Angriffen sch\u00fctzen.<br \/>\nAlso haben wir den Spie\u00df einfach umgedreht und den Rollladenkasten vor der Eingangst\u00fcr gro\u00dfz\u00fcgig mit Bauschaum bef\u00fcllt. Die Aktion hatte zwei Ziele: Zum Einen Sachschaden verursachen und zum Anderen die AfD konkret in Ihrem Wahlkampf behindern, indem sich der Rollladen zur Vordert\u00fcr bis zur Reparatur nicht mehr \u00f6ffnen l\u00e4sst.<br \/>\n<!--more--><br \/>\nWarum die AfD das mehr als verdient hat, sollte inzwischen allen klar sein. Sp\u00e4testens seit L\u00fcbke, Halle oder Hanau hat sich die Gefahr der rechtspopulistischen Partei deutlich gezeigt. Sie morden zwar nicht selbst, doch schaffen Sie mit ihrer rassistischen Hetze das Umfeld in dem solche Taten gedeihen &amp; die T\u00e4ter bewegen sich im Dunstkreis der AfD. Durch den Erfolg der AfD gewinnen Faschisten an Selbstvertrauen &amp; setzen Ihre menschenfeindliche Ideologie in die Tat um. Bei allen rechtsterroristischen Anschl\u00e4gen in letzter Zeit hat die AfD mitgeschossen! Daher sind alle Mittel im Kampf gegen das Erstarken der AfD legitim und jegliches Mitleid f\u00fcr die Partei oder Ihre Mitglieder fehl am Platz. Alle Unterst\u00fctzerInnen der AfD haben Blut an ihren H\u00e4nden.<\/p>\n<p>Wir folgen mit unserer Aktion dem Aufruf der Kampagne \u201eAntifascist Action! Gegen rechte Krisenl\u00f6sungen.\u201c die AfD in ihrem Wahlkampf f\u00fcr die Landtagswahlen zu behindern und fordern alle AntifaschistInnen auf, dies ebenfalls zu tun. Wir finden es wichtig und richtig, dass alle Kr\u00e4fte und Mittel im Kampf gegen die Rechtspopulisten und Faschisten dieses Landes geb\u00fcndelt werden, egal ob friedlicher Protest oder direkte militante Aktionen.<\/p>\n<p>Alle zusammen gegen den Faschismus!<\/p><\/blockquote>\n<p><strong>Quelle<\/strong>: Indymedia<\/p>\n","protected":false},"excerpt":{"rendered":"<p>Ludwigshafen, 5. M\u00e4rz 2021 In der Nacht von Donnerstag auf Freitag den 05.03.21 haben wir das AfD-B\u00fcro in der Innenstadt von Ludwigshafen besucht und mit Bauschaum angegriffen. Die AfD in Ludwigshafen hat wohl gedacht Sie kann ganz dreist ein B\u00fcro mitten in der Innenstadt er\u00f6ffnen und sich mit elektrischen Rolll\u00e4den mit Alarmsicherung um das ganze [&hellip;]<\/p>\n","protected":false},"author":12080,"featured_media":0,"comment_status":"closed","ping_status":"closed","sticky":false,"template":"","format":"standard","meta":{"footnotes":""},"categories":[2],"tags":[128],"class_list":["post-14133","post","type-post","status-publish","format-standard","hentry","category-de","tag-ludwigshafen"],"_links":{"self":[{"href":"https:\/\/chronik.noblogs.org\/index.php?rest_route=\/wp\/v2\/posts\/14133","targetHints":{"allow":["GET"]}}],"collection":[{"href":"https:\/\/chronik.noblogs.org\/index.php?rest_route=\/wp\/v2\/posts"}],"about":[{"href":"https:\/\/chronik.noblogs.org\/index.php?rest_route=\/wp\/v2\/types\/post"}],"author":[{"embeddable":true,"href":"https:\/\/chronik.noblogs.org\/index.php?rest_route=\/wp\/v2\/users\/12080"}],"replies":[{"embeddable":true,"href":"https:\/\/chronik.noblogs.org\/index.php?rest_route=%2Fwp%2Fv2%2Fcomments&post=14133"}],"version-history":[{"count":0,"href":"https:\/\/chronik.noblogs.org\/index.php?rest_route=\/wp\/v2\/posts\/14133\/revisions"}],"wp:attachment":[{"href":"https:\/\/chronik.noblogs.org\/index.php?rest_route=%2Fwp%2Fv2%2Fmedia&parent=14133"}],"wp:term":[{"taxonomy":"category","embeddable":true,"href":"https:\/\/chronik.noblogs.org\/index.php?rest_route=%2Fwp%2Fv2%2Fcategories&post=14133"},{"taxonomy":"post_tag","embeddable":true,"href":"https:\/\/chronik.noblogs.org\/index.php?rest_route=%2Fwp%2Fv2%2Ftags&post=14133"}],"curies":[{"name":"wp","href":"https:\/\/api.w.org\/{rel}","templated":true}]}}