{"id":14056,"date":"2021-02-25T00:00:41","date_gmt":"2021-02-24T22:00:41","guid":{"rendered":"http:\/\/chronik.blackblogs.org\/?p=14056"},"modified":"2021-02-25T00:00:41","modified_gmt":"2021-02-24T22:00:41","slug":"drei-streifenwagen-brannten","status":"publish","type":"post","link":"https:\/\/chronik.noblogs.org\/?p=14056","title":{"rendered":"Drei Streifenwagen brannten"},"content":{"rendered":"<p><strong>Recklinghausen<\/strong>, 25. Februar 2021<\/p>\n<blockquote><p>Ausgerechnet auf dem Wachhof der Feuerwehr in Recklinghausen-S\u00fcd brannten am fr\u00fchen Donnerstagmorgen drei Polizeiautos. Die Beh\u00f6rde hat bereits eine hei\u00dfe Spur.<\/p>\n<p>Update, 25. Februar, 13.30 Uhr: Nach dem Brand von drei Funkstreifenwagen am Morgen im Stadtteil S\u00fcd Am Neumarkt geht die Polizei zum jetzigen Ermittlungsstand von vors\u00e4tzlicher Brandstiftung aus. Die Fahrzeuge wurden sichergestellt. Die Ermittlungen dauern an. Der entstandene Sachschaden wird auf 120.000 Euro gesch\u00e4tzt. Verletzt wurde niemand.<\/p>\n<p>Erstmeldung, 25. Februar, 11 Uhr: Um 03.50 Uhr wurde die Feuerwehr Recklinghausen durch mehrere Notrufe alarmiert. Aufgrund eines zeitgleichen, weiteren Einsatzes der hauptamtlichen Feuer- und Rettungswache wurde der ehrenamtliche L\u00f6schzug S\u00fcd alarmiert.<!--more--> Die Erstmeldung sprach noch vom Einsatzort \u201ePolizeiwache S\u00fcd, Am Neumarkt\u201c.<\/p>\n<p>Doch die S\u00fcder Feuerwehrleute staunten nicht schlecht: Der Brand war sozusagen direkt vor ihrer Haust\u00fcr: Au\u00dferhalb der Dienstzeiten der Polizeiwache S\u00fcd werden n\u00e4mlich die Funkstreifenwagen auf dem Wachhof des L\u00f6schzugs S\u00fcd abgestellt. Drei der f\u00fcnf hier abgestellten Fahrzeuge brannten nun.<\/p>\n<p>Die Feuerwehr leitete unverz\u00fcglich die L\u00f6scharbeiten ein und l\u00f6schte die drei Fahrzeuge ab. Hierzu mussten die Einsatzfahrzeuge lediglich aus der Fahrzeughalle gefahren werden, um einen schnellen Angriff und L\u00f6scherfolg erzielen zu k\u00f6nnen. Zwei Fahrzeuge konnten so vor Brandschaden bewahrt werden.<\/p>\n<p>Der Einsatz der Feuerwehr dauerte bis kurz vor sieben Uhr am Morgen an. Im Einsatz waren circa 20 Einsatzkr\u00e4fte des L\u00f6schzugs S\u00fcd. Die Brandursache war zun\u00e4chst unklar. Der Staatsschutz hat die Ermittlungen aufgenommen. Zur H\u00f6he des Schadens gibt es noch keine Angaben.<\/p><\/blockquote>\n<p><strong>Quelle<\/strong>: Recklinghauser Zeitung<\/p>\n","protected":false},"excerpt":{"rendered":"<p>Recklinghausen, 25. Februar 2021 Ausgerechnet auf dem Wachhof der Feuerwehr in Recklinghausen-S\u00fcd brannten am fr\u00fchen Donnerstagmorgen drei Polizeiautos. Die Beh\u00f6rde hat bereits eine hei\u00dfe Spur. Update, 25. Februar, 13.30 Uhr: Nach dem Brand von drei Funkstreifenwagen am Morgen im Stadtteil S\u00fcd Am Neumarkt geht die Polizei zum jetzigen Ermittlungsstand von vors\u00e4tzlicher Brandstiftung aus. Die Fahrzeuge [&hellip;]<\/p>\n","protected":false},"author":12080,"featured_media":0,"comment_status":"closed","ping_status":"closed","sticky":false,"template":"","format":"standard","meta":{"footnotes":""},"categories":[2],"tags":[382],"class_list":["post-14056","post","type-post","status-publish","format-standard","hentry","category-de","tag-recklinghausen"],"_links":{"self":[{"href":"https:\/\/chronik.noblogs.org\/index.php?rest_route=\/wp\/v2\/posts\/14056","targetHints":{"allow":["GET"]}}],"collection":[{"href":"https:\/\/chronik.noblogs.org\/index.php?rest_route=\/wp\/v2\/posts"}],"about":[{"href":"https:\/\/chronik.noblogs.org\/index.php?rest_route=\/wp\/v2\/types\/post"}],"author":[{"embeddable":true,"href":"https:\/\/chronik.noblogs.org\/index.php?rest_route=\/wp\/v2\/users\/12080"}],"replies":[{"embeddable":true,"href":"https:\/\/chronik.noblogs.org\/index.php?rest_route=%2Fwp%2Fv2%2Fcomments&post=14056"}],"version-history":[{"count":0,"href":"https:\/\/chronik.noblogs.org\/index.php?rest_route=\/wp\/v2\/posts\/14056\/revisions"}],"wp:attachment":[{"href":"https:\/\/chronik.noblogs.org\/index.php?rest_route=%2Fwp%2Fv2%2Fmedia&parent=14056"}],"wp:term":[{"taxonomy":"category","embeddable":true,"href":"https:\/\/chronik.noblogs.org\/index.php?rest_route=%2Fwp%2Fv2%2Fcategories&post=14056"},{"taxonomy":"post_tag","embeddable":true,"href":"https:\/\/chronik.noblogs.org\/index.php?rest_route=%2Fwp%2Fv2%2Ftags&post=14056"}],"curies":[{"name":"wp","href":"https:\/\/api.w.org\/{rel}","templated":true}]}}