{"id":13947,"date":"2021-02-03T00:00:25","date_gmt":"2021-02-02T22:00:25","guid":{"rendered":"http:\/\/chronik.blackblogs.org\/?p=13947"},"modified":"2021-02-03T00:00:25","modified_gmt":"2021-02-02T22:00:25","slug":"cdu-wahlkreisbuero-eingeworfen","status":"publish","type":"post","link":"https:\/\/chronik.noblogs.org\/?p=13947","title":{"rendered":"CDU-Wahlkreisb\u00fcro eingeworfen"},"content":{"rendered":"<p><strong><a href=\"https:\/\/chronik.blackblogs.org\/wp-content\/uploads\/sites\/109\/2021\/02\/2-2.jpg\"><img loading=\"lazy\" decoding=\"async\" class=\"alignright size-medium wp-image-13957\" src=\"https:\/\/chronik.blackblogs.org\/wp-content\/uploads\/sites\/109\/2021\/02\/2-2-300x200.jpg\" alt=\"\" width=\"300\" height=\"200\"><\/a>Madeburg<\/strong>, 3. Februar 2021<\/p>\n<blockquote><p>Mevl\u00fct \u00c7avu\u015fo\u011flu (t\u00fcrkischer Au\u00dfenminister) besucht heute am 03.02.2021 Annegret Kramp Karrenbauer in Berlin, um weitere gemeinsame Schritte zu planen. F\u00fcr uns war das Grund genug in der Nacht zum 03.02. loszuziehen und dem CDU-Wahlkreisb\u00fcro in unserer Stadt einen Besuch abzustatten. Die schamlose Zusammenarbeit Deutschlands mit dem offen faschistischen t\u00fcrkischen Staat und dessen Diktatur Erdogan nimmt kein Ende. AKK und so die CDU machen sich mit diesem Treffen der Kriegsverbrechen schuldig, die gegen die kurdische Bev\u00f6lkerung in Rojava (syrischer Teil Kurdistans) und Bakur (t\u00fcrkischer Teil Kurdistans) verrichtet werden. Wir sagen:<br \/>\n<!--more--><br \/>\nKriegstreiber stoppen &#8211; Keine Deals mit der T\u00fcrkei!<\/p><\/blockquote>\n<p><strong>Quelle<\/strong>: <a href=\"http:\/\/4sy6ebszykvcv2n6.onion\/node\/137853\">Indymedia (mit Tor)<\/a><\/p>\n<p>&nbsp;<\/p>\n<!-- Here be dragons but no images. -->\n","protected":false},"excerpt":{"rendered":"<p>Madeburg, 3. Februar 2021 Mevl\u00fct \u00c7avu\u015fo\u011flu (t\u00fcrkischer Au\u00dfenminister) besucht heute am 03.02.2021 Annegret Kramp Karrenbauer in Berlin, um weitere gemeinsame Schritte zu planen. F\u00fcr uns war das Grund genug in der Nacht zum 03.02. loszuziehen und dem CDU-Wahlkreisb\u00fcro in unserer Stadt einen Besuch abzustatten. Die schamlose Zusammenarbeit Deutschlands mit dem offen faschistischen t\u00fcrkischen Staat und [&hellip;]<\/p>\n","protected":false},"author":12080,"featured_media":0,"comment_status":"closed","ping_status":"closed","sticky":false,"template":"","format":"standard","meta":{"footnotes":""},"categories":[2],"tags":[130],"class_list":["post-13947","post","type-post","status-publish","format-standard","hentry","category-de","tag-magdeburg"],"_links":{"self":[{"href":"https:\/\/chronik.noblogs.org\/index.php?rest_route=\/wp\/v2\/posts\/13947","targetHints":{"allow":["GET"]}}],"collection":[{"href":"https:\/\/chronik.noblogs.org\/index.php?rest_route=\/wp\/v2\/posts"}],"about":[{"href":"https:\/\/chronik.noblogs.org\/index.php?rest_route=\/wp\/v2\/types\/post"}],"author":[{"embeddable":true,"href":"https:\/\/chronik.noblogs.org\/index.php?rest_route=\/wp\/v2\/users\/12080"}],"replies":[{"embeddable":true,"href":"https:\/\/chronik.noblogs.org\/index.php?rest_route=%2Fwp%2Fv2%2Fcomments&post=13947"}],"version-history":[{"count":0,"href":"https:\/\/chronik.noblogs.org\/index.php?rest_route=\/wp\/v2\/posts\/13947\/revisions"}],"wp:attachment":[{"href":"https:\/\/chronik.noblogs.org\/index.php?rest_route=%2Fwp%2Fv2%2Fmedia&parent=13947"}],"wp:term":[{"taxonomy":"category","embeddable":true,"href":"https:\/\/chronik.noblogs.org\/index.php?rest_route=%2Fwp%2Fv2%2Fcategories&post=13947"},{"taxonomy":"post_tag","embeddable":true,"href":"https:\/\/chronik.noblogs.org\/index.php?rest_route=%2Fwp%2Fv2%2Ftags&post=13947"}],"curies":[{"name":"wp","href":"https:\/\/api.w.org\/{rel}","templated":true}]}}