{"id":13893,"date":"2021-01-15T00:00:46","date_gmt":"2021-01-14T22:00:46","guid":{"rendered":"http:\/\/chronik.blackblogs.org\/?p=13893"},"modified":"2021-01-15T00:00:46","modified_gmt":"2021-01-14T22:00:46","slug":"firmenwagen-vor-stadtwald-rodung-beschaedigt","status":"publish","type":"post","link":"https:\/\/chronik.noblogs.org\/?p=13893","title":{"rendered":"Firmenwagen vor Stadtwald-Rodung besch\u00e4digt"},"content":{"rendered":"<p><strong>Flensburg<\/strong>, 15. Januar 2021<\/p>\n<blockquote><p>Die Autos dieser Firma wurden in der vergangenen Nacht vor\u00fcbergehend fahruntauglich gemacht und bemalt.<\/p>\n<p>In Flensburg soll ein kleiner Stadtwald, der Bahnhofswald, gerodet werden, um ein Hotel &amp; Parkhaus zu bauen. Daf\u00fcr werden mehrere hundert B\u00e4ume ermordet. Verantwortlich daf\u00fcr: die Investoren Jan Duschkewitz und Ralf Hansen.<\/p>\n<p>Duschkewitz ist auch Inhaber einer gleichnamigen Quatschservice-Firma.<!--more--> Die Autos dieser Firma wurden gestrige Nacht vor\u00fcbergehend fahruntauglich gemacht und bemalt. \u201eDies diente dazu, ihrem CO\u2082-Fu\u00dfabdruck auf die Spr\u00fcnge zu helfen, denn dieser ohnehin schon schlechte Abdruck w\u00fcrde durch eine Rodung nicht mehr zu retten sein.\u201c, merken die Verantwortlichen an.<br \/>\nAnlass der Aktion ist die gestrige (Donnerstag, 14.01.2021) Bekanntgabe des R\u00e4umungsbeginns. Das alternative Lebensmodell, das die Besetzung darstellt, und wichtiger noch: die Biodiversit\u00e4t des Waldes, soll ab Montag 5:00 Uhr vernichtet werden. Eichh\u00f6rnchen, V\u00f6gel &#8211; wie Amseln, Rotkehlchen, Spechte und Meisen &#8211; Flederm\u00e4use und unz\u00e4hliche K\u00e4ferchen und W\u00fcrmer verlieren ihr Zuhause und damit ihr Leben.<\/p>\n<p>Eine anarchistisch agitierende, illegale und eine der Besetzung und den Waldbewohnis solidarische Kleingruppe ist f\u00fcr den n\u00e4chtlichen Anschlag verantwortlich. Fast s\u00e4mliche Betriebsfahrzeuge der Firma Duschkewitz wurden mit Schriftz\u00fcgen wie &#8220;BaWa bleibt&#8221;, &#8220;Wald statt Hotel&#8221;, &#8220;Ihr Ottos&#8221; und Anarchiezeichen versch\u00f6nert. Einige kleine Tricks machen desweiteren das Benutzen der Autos zun\u00e4chst unm\u00f6glich. Die Autonomen stellen klar: \u201eUnser Sabotageakt richtet sich gegen den Firmeninhaber und keinesfalls gegen die Arbeiter*innen! Wir hoffen, dass ihr keinerlei negative Konsequenzen davon tragen musstet und im besten Fall einen freien Tag genie\u00dfen konntet. Schlie\u00dft Euch dem Widerstand an! Auch die Menschis, die in Flensburg leben, wollen wir dazu aufrufen, sich dem Widerstand anzuschlie\u00dfen!\u201c.<\/p>\n<p>Die Autonomen rufen alle Anarchisti, Antikapitalisti, Umweltsch\u00fctzi und andere Gleichgesinnte dazu auf, sich dem Widerstand gegen das Morden und Vernichten anzuschlie\u00dfen. Die Eskalation, die von Investoren, Stadtpolitik und Polizei ausgel\u00f6st wird, wird militant beantwortet werden.<\/p>\n<p>Noch ist der Wald nicht gerodet &#8211; noch ist es f\u00fcr Duschkewitz und Hansen m\u00f6glich, Schlimmeres zu verhindern. Wird der Wald ermordet, wird die autonome Gruppe zur\u00fcckschlagen. Mit Feuer und Flamme!<\/p>\n<p>Kapitalismus abfackeln!<br \/>\nEine autonome Gruppe<\/p><\/blockquote>\n<p><strong>Quelle<\/strong>: Indymedia<\/p>\n","protected":false},"excerpt":{"rendered":"<p>Flensburg, 15. Januar 2021 Die Autos dieser Firma wurden in der vergangenen Nacht vor\u00fcbergehend fahruntauglich gemacht und bemalt. In Flensburg soll ein kleiner Stadtwald, der Bahnhofswald, gerodet werden, um ein Hotel &amp; Parkhaus zu bauen. Daf\u00fcr werden mehrere hundert B\u00e4ume ermordet. Verantwortlich daf\u00fcr: die Investoren Jan Duschkewitz und Ralf Hansen. Duschkewitz ist auch Inhaber einer [&hellip;]<\/p>\n","protected":false},"author":12080,"featured_media":0,"comment_status":"closed","ping_status":"closed","sticky":false,"template":"","format":"standard","meta":{"footnotes":""},"categories":[2],"tags":[65],"class_list":["post-13893","post","type-post","status-publish","format-standard","hentry","category-de","tag-flensburg"],"_links":{"self":[{"href":"https:\/\/chronik.noblogs.org\/index.php?rest_route=\/wp\/v2\/posts\/13893","targetHints":{"allow":["GET"]}}],"collection":[{"href":"https:\/\/chronik.noblogs.org\/index.php?rest_route=\/wp\/v2\/posts"}],"about":[{"href":"https:\/\/chronik.noblogs.org\/index.php?rest_route=\/wp\/v2\/types\/post"}],"author":[{"embeddable":true,"href":"https:\/\/chronik.noblogs.org\/index.php?rest_route=\/wp\/v2\/users\/12080"}],"replies":[{"embeddable":true,"href":"https:\/\/chronik.noblogs.org\/index.php?rest_route=%2Fwp%2Fv2%2Fcomments&post=13893"}],"version-history":[{"count":0,"href":"https:\/\/chronik.noblogs.org\/index.php?rest_route=\/wp\/v2\/posts\/13893\/revisions"}],"wp:attachment":[{"href":"https:\/\/chronik.noblogs.org\/index.php?rest_route=%2Fwp%2Fv2%2Fmedia&parent=13893"}],"wp:term":[{"taxonomy":"category","embeddable":true,"href":"https:\/\/chronik.noblogs.org\/index.php?rest_route=%2Fwp%2Fv2%2Fcategories&post=13893"},{"taxonomy":"post_tag","embeddable":true,"href":"https:\/\/chronik.noblogs.org\/index.php?rest_route=%2Fwp%2Fv2%2Ftags&post=13893"}],"curies":[{"name":"wp","href":"https:\/\/api.w.org\/{rel}","templated":true}]}}