{"id":13787,"date":"2020-11-11T12:00:27","date_gmt":"2020-11-11T10:00:27","guid":{"rendered":"http:\/\/chronik.blackblogs.org\/?p=13787"},"modified":"2020-11-11T12:00:27","modified_gmt":"2020-11-11T10:00:27","slug":"farbanschlag-gegen-wahlkreisbuero-der-gruenen","status":"publish","type":"post","link":"https:\/\/chronik.noblogs.org\/?p=13787","title":{"rendered":"Farbanschlag gegen Wahlkreisb\u00fcro der Gr\u00fcnen"},"content":{"rendered":"<p><strong><a href=\"https:\/\/chronik.blackblogs.org\/wp-content\/uploads\/sites\/109\/2021\/01\/grue.jpg\"><img loading=\"lazy\" decoding=\"async\" class=\"alignright size-medium wp-image-13788\" src=\"https:\/\/chronik.blackblogs.org\/wp-content\/uploads\/sites\/109\/2021\/01\/grue-300x169.jpg\" alt=\"\" width=\"300\" height=\"169\"><\/a>Dresden<\/strong>, 11. Novmeber 2021<\/p>\n<blockquote><p>In der Nacht zu heute haben bislang Unbekannte das Wahlkreisb\u00fcro \u201eGr\u00fcne Ecke\u201c an der Rudolf-Leonhard-Stra\u00dfe angegegriffen. Wie die Dresdner Polizei mitteilt, wurde der Schaden gegen 9 Uhr festgestellt. Insgesamt f\u00fcnf Fenster wurden mit schwarzer und gr\u00fcner Farbe beschmiert. Auf dem Fu\u00dfweg gibt es einen Schriftzug \u201eF\u00fcr Danni!\u201c Abschlie\u00dfende Schadensangaben liegen noch nicht vor. Der Staatschutz der Dresdner Polizei hat die Ermittlungen aufgenommen.<\/p>\n<p>\u201eDanni\u201c ist die kurze Bezeichnung f\u00fcr das Waldst\u00fcck Dannenr\u00f6der Forst in Hessen, dass f\u00fcr den Ausbau der Autobahn A49 gerodet werden soll. Aus Reihen der Protestbewegung gibt es Kritik an den Gr\u00fcnen, die in Hessen mit<!--more--> Tarek Al-Wazir den Verkehrsminister stellen. Details zu den Hintergr\u00fcnden gibt es in dem Bericht der Tagesschau, umfangreicher in dem Artikel der S\u00fcddeutschen Zeitung.<\/p>\n<p>Nachtrag<br \/>\nDer Dresdner Baub\u00fcrgermeister Stephan K\u00fchn (Gr\u00fcne), der fr\u00fcher hier sein Wahlkreisb\u00fcro als Bundestagsabgeordneter hatte, kritisierte den Farbanschlag auf Facebook: \u201eMal abgesehen, dass Farbbeutel kein geeignetes Mittel f\u00fcr eine politische Auseinandersetzung sind, die Verantwortung f\u00fcr den Bau der Bundesautobahn 49 durch den Dannenr\u00e4der Wald tr\u00e4gt der Bundesverkehrsminister, nicht der ehemalige verkehrspolitische Sprecher der Gr\u00fcnen-Bundestagsfraktion.\u201c Ein Antrag seiner Fraktion zum Stopp der Autobahn wurde von der Koalition im Bundestag abgelehnt.<\/p><\/blockquote>\n<p><strong>Quelle<\/strong>: Neustadt-Ticker.de<\/p>\n","protected":false},"excerpt":{"rendered":"<p>Dresden, 11. Novmeber 2021 In der Nacht zu heute haben bislang Unbekannte das Wahlkreisb\u00fcro \u201eGr\u00fcne Ecke\u201c an der Rudolf-Leonhard-Stra\u00dfe angegegriffen. Wie die Dresdner Polizei mitteilt, wurde der Schaden gegen 9 Uhr festgestellt. Insgesamt f\u00fcnf Fenster wurden mit schwarzer und gr\u00fcner Farbe beschmiert. Auf dem Fu\u00dfweg gibt es einen Schriftzug \u201eF\u00fcr Danni!\u201c Abschlie\u00dfende Schadensangaben liegen noch [&hellip;]<\/p>\n","protected":false},"author":12080,"featured_media":0,"comment_status":"closed","ping_status":"closed","sticky":false,"template":"","format":"standard","meta":{"footnotes":""},"categories":[2],"tags":[52],"class_list":["post-13787","post","type-post","status-publish","format-standard","hentry","category-de","tag-dresden"],"_links":{"self":[{"href":"https:\/\/chronik.noblogs.org\/index.php?rest_route=\/wp\/v2\/posts\/13787","targetHints":{"allow":["GET"]}}],"collection":[{"href":"https:\/\/chronik.noblogs.org\/index.php?rest_route=\/wp\/v2\/posts"}],"about":[{"href":"https:\/\/chronik.noblogs.org\/index.php?rest_route=\/wp\/v2\/types\/post"}],"author":[{"embeddable":true,"href":"https:\/\/chronik.noblogs.org\/index.php?rest_route=\/wp\/v2\/users\/12080"}],"replies":[{"embeddable":true,"href":"https:\/\/chronik.noblogs.org\/index.php?rest_route=%2Fwp%2Fv2%2Fcomments&post=13787"}],"version-history":[{"count":0,"href":"https:\/\/chronik.noblogs.org\/index.php?rest_route=\/wp\/v2\/posts\/13787\/revisions"}],"wp:attachment":[{"href":"https:\/\/chronik.noblogs.org\/index.php?rest_route=%2Fwp%2Fv2%2Fmedia&parent=13787"}],"wp:term":[{"taxonomy":"category","embeddable":true,"href":"https:\/\/chronik.noblogs.org\/index.php?rest_route=%2Fwp%2Fv2%2Fcategories&post=13787"},{"taxonomy":"post_tag","embeddable":true,"href":"https:\/\/chronik.noblogs.org\/index.php?rest_route=%2Fwp%2Fv2%2Ftags&post=13787"}],"curies":[{"name":"wp","href":"https:\/\/api.w.org\/{rel}","templated":true}]}}