{"id":13452,"date":"2020-11-07T00:00:24","date_gmt":"2020-11-06T22:00:24","guid":{"rendered":"http:\/\/chronik.blackblogs.org\/?p=13452"},"modified":"2020-11-07T00:00:24","modified_gmt":"2020-11-06T22:00:24","slug":"rechtsoffenes-cafe-angegriffen","status":"publish","type":"post","link":"https:\/\/chronik.noblogs.org\/?p=13452","title":{"rendered":"Rechtsoffenes Cafe angegriffen"},"content":{"rendered":"<p><strong>Halle (Saale)<\/strong>, 7. November 2020<\/p>\n<blockquote><p>Heute Nacht haben wir das Caf\u00e9 &#8220;Sonnendeck und Oberdeck&#8221; in der Franz-Schubert-Stra\u00dfe 7a, 06108 Halle entglast.<\/p>\n<p>Der Inhaber Sascha Kluge sympathisiert offen mit den Verschw\u00f6rungstheoretikern und Coronaleugnern von &#8220;Bewegung Halle&#8221; und l\u00e4sst sie dort Vortr\u00e4ge und Vernetzungstreffen durchf\u00fchren. Die Gruppe ruft u.a. dazu auf, am 7. November nach Leipzig zur Querdenken-Demo zu fahren und kumpelt gern mal mit den Neonazis der Montagsdemo um Sven Liebich ab oder demonstriert gleich mal gemeinsam mit ihnen.<!--more--><\/p>\n<p>Sascha Kluge f\u00fchrt \u00fcbrigens auch den &#8220;Kaffeeschuppen&#8221; in der Kleine Ulrichstra\u00dfe 11, 06108 Halle (Saale) und freut sich sicher \u00fcber weitere kritische off- und online Bewertungen seines Ladens.<\/p>\n<p>Die Melange aus Verschw\u00f6rungstheoretikern, Neonazis, Identit\u00e4ren und Friedensbewegten die am 7. November nach Leipzig mobilisiert, gilt es mit allen Mitteln zu bek\u00e4mpfen. Wir wollen dazu ermutigen, die Strukturen dieser Menschenfeinde anzugreifen und ihr Handeln zu verunm\u00f6glichen.<\/p>\n<p>Letzte Infos zu morgen findet ihr unter https:\/\/de.indymedia.org\/node\/115357 oder https:\/\/de.indymedia.org\/node\/115357.<\/p>\n<p>Wir sehen uns auf der Stra\u00dfe!<\/p><\/blockquote>\n<p><strong>Quelle<\/strong>: <a href=\"http:\/\/4sy6ebszykvcv2n6.onion\/node\/\/115446\">Indymedia (Tor)<\/a><\/p>\n<p>&nbsp;<\/p>\n<p>&nbsp;<\/p>\n<blockquote><p>Im Fall um den Angriff auf eine Bar am Pf\u00e4lzer Ufer in Halle hat der polizeiliche Staatsschutz die Ermittlungen aufgenommen. Das sagte Polizeisprecherin Antje Hoppen der MZ am Samstagnachmittag.<\/p>\n<p>In der Nacht zu Samstag waren drei Sicherheitsscheiben der Bar &#8220;Sonnendeck&#8221; vermutlich mit Pflastersteinen eingeworfen worden. Auf einem linksextremen Internetforum bekennen sich die anonymen T\u00e4ter zu dem Angriff und versuchen ihn zu rechtfertigen.<\/p>\n<p>So sympathisiere der Betreiber mit Corona-Leugnern und Verschw\u00f6rungstheoretikern, und lasse diese Gruppen Treffen in seiner Gastst\u00e4tte durchf\u00fchren.<\/p>\n<p>Auch eine N\u00e4he der Gruppe zu Demonstrationen des Rechtsextremen Sven Liebich werfen die Angreifer ihm vor. Sie ermutigen weiterhin dazu, auch anderen gastronomischen Einrichtungen des Betreibers &#8220;eine kritisch Off- und online-Bewertung&#8221; zu hinterlassen Was genau sie damit meinen, blieb offen.<\/p>\n<p>&#8220;Eine politische Motivation der Tat halten wir f\u00fcr wahrscheinlich&#8221;, sagte Hoppen. Die Kriminalpolizei und die Spurensicherung h\u00e4tten sich den Tatort angesehen und die Ermittlungen aufgenommen. (mz\/oml)<\/p><\/blockquote>\n<p><strong>Quelle<\/strong>: Mitteldeutsche Zeitung<\/p>\n","protected":false},"excerpt":{"rendered":"<p>Halle (Saale), 7. November 2020 Heute Nacht haben wir das Caf\u00e9 &#8220;Sonnendeck und Oberdeck&#8221; in der Franz-Schubert-Stra\u00dfe 7a, 06108 Halle entglast. Der Inhaber Sascha Kluge sympathisiert offen mit den Verschw\u00f6rungstheoretikern und Coronaleugnern von &#8220;Bewegung Halle&#8221; und l\u00e4sst sie dort Vortr\u00e4ge und Vernetzungstreffen durchf\u00fchren. Die Gruppe ruft u.a. dazu auf, am 7. November nach Leipzig zur [&hellip;]<\/p>\n","protected":false},"author":12080,"featured_media":0,"comment_status":"closed","ping_status":"closed","sticky":false,"template":"","format":"standard","meta":{"footnotes":""},"categories":[2],"tags":[85],"class_list":["post-13452","post","type-post","status-publish","format-standard","hentry","category-de","tag-halle"],"_links":{"self":[{"href":"https:\/\/chronik.noblogs.org\/index.php?rest_route=\/wp\/v2\/posts\/13452","targetHints":{"allow":["GET"]}}],"collection":[{"href":"https:\/\/chronik.noblogs.org\/index.php?rest_route=\/wp\/v2\/posts"}],"about":[{"href":"https:\/\/chronik.noblogs.org\/index.php?rest_route=\/wp\/v2\/types\/post"}],"author":[{"embeddable":true,"href":"https:\/\/chronik.noblogs.org\/index.php?rest_route=\/wp\/v2\/users\/12080"}],"replies":[{"embeddable":true,"href":"https:\/\/chronik.noblogs.org\/index.php?rest_route=%2Fwp%2Fv2%2Fcomments&post=13452"}],"version-history":[{"count":0,"href":"https:\/\/chronik.noblogs.org\/index.php?rest_route=\/wp\/v2\/posts\/13452\/revisions"}],"wp:attachment":[{"href":"https:\/\/chronik.noblogs.org\/index.php?rest_route=%2Fwp%2Fv2%2Fmedia&parent=13452"}],"wp:term":[{"taxonomy":"category","embeddable":true,"href":"https:\/\/chronik.noblogs.org\/index.php?rest_route=%2Fwp%2Fv2%2Fcategories&post=13452"},{"taxonomy":"post_tag","embeddable":true,"href":"https:\/\/chronik.noblogs.org\/index.php?rest_route=%2Fwp%2Fv2%2Ftags&post=13452"}],"curies":[{"name":"wp","href":"https:\/\/api.w.org\/{rel}","templated":true}]}}