{"id":13416,"date":"2020-11-01T00:00:30","date_gmt":"2020-10-31T22:00:30","guid":{"rendered":"http:\/\/chronik.blackblogs.org\/?p=13416"},"modified":"2020-11-01T00:00:30","modified_gmt":"2020-10-31T22:00:30","slug":"amazon-paketstation-angegriffen","status":"publish","type":"post","link":"https:\/\/chronik.noblogs.org\/?p=13416","title":{"rendered":"Amazon-Abholstation angegriffen"},"content":{"rendered":"<p><strong>Frankfurt am Main<\/strong>, 1. November 2020<\/p>\n<blockquote><p>Weil die Nacht uns geh\u00f6rt, haben wir in der Nacht zum 1.11.2020 einen Amazon Locker in Frankfurt Hausen auf dem Aldi-S\u00fcd Gel\u00e4nde angegriffen und unbrauchbar gemacht. Wir haben den Scanner, den Bildschirm und die Kamera mit einem Hammer bearbeitet. Wir haben uns daf\u00fcr entschieden, da die Methode schnell und effektiv ist. Au\u00dferdem haben wir eine Botschaft in Lila Farbe hinterlassen: L34 lebt! Damit solidarisieren wir uns mit dem am 9.10. mit massiver Bullengewalt ger\u00e4umten Hausprojekt Liebig 34 in Berlin. Die Liebig steht f\u00fcr uns symbolisch f\u00fcr einen der wenigen linken, und vor allem queerfeministischen Freir\u00e4ume, die zunehmend von Repression und R\u00e4umung bedroht sind.<\/p>\n<p>Die Liebig 34 lebt!<!--more--><\/p>\n<p>Das bedeutet: auch wenn ihr uns die R\u00e4ume nehmt, werden wir k\u00e4mpfende FLINT*Qs nicht verschwinden. Der Preis der R\u00e4umung wird weiter in die H\u00f6he getrieben, in Berlin, in Frankfurt und \u00fcberall. Wenn ihr unsere Strukturen angreift, dann greifen wir eure an!<\/p>\n<p>Amazon ist eine solche Struktur. Dieser Konzern steht f\u00fcr uns sinnbildlich f\u00fcr eine zunehmende Verschr\u00e4nkung von privaten Dienstleistungsunternehmen und staatlichen Repressionsbeh\u00f6rden. So stellt Amazon zum Beispiel seine Cloud-Dienste der Bundespolizei zur Verf\u00fcgung, um dort die Daten der Bodycams zu speichern. Au\u00dferdem arbeitet Amazon gemeinsam mit Beh\u00f6rden an einer zunehmend \u00fcberwachten Stadt, euphemistisch gelabelt als \u201eSmart City\u201c. Die dort ausgearbeiteten Systeme lassen sich dann gegen diejenigen richten, die als Feind*innen, als zu \u00dcberwachende, gelten. Rassifizierte, \u201eweibliche\u201c und queere K\u00f6rper, wohnungslose Menschen und alle weiteren, die der b\u00fcrgerlichen Stadtgesellschaft ein Dorn im Auge sind.<\/p>\n<p>Besonders perfide dr\u00fcckt sich das in einer neuen Gesichtserkennungssoftware aus, die genau darauf ausgelegt ist Menschen zu kategorisieren. Diese Kategorisierungen entsprechen denen in unserer normierten, also sexistischen, rassistischen und ableistischen, Gesellschaft.<\/p>\n<p>Diese Entwicklungen dauern an, werden weitergehen und sich zunehmend versch\u00e4rfen. Amazon profitiert dar\u00fcber hinaus auch noch von der aktuellen Krise und wird gest\u00e4rkt daraus hervorgehen. Genau des wegen ist es wichtig Amazon zu markieren und anzugreifen um ihnen nicht die Deutungshoheit \u00fcber gesellschaftliche Verh\u00e4ltnisse zu \u00fcberlassen.<\/p>\n<p>Die oben angesprochene \u00dcberwachung nutzt Amazon auch gegen die eigenen Mitarbeitenden. Die Arbeitsverh\u00e4ltnisse gelten als extrem prek\u00e4r. Die*der Arbeitgeber*in Amazon \u00fcbt massiven Druck auf die Mitarbeitenden aus und wehrt sich vehement gegen tarifliche Regelungen. Au\u00dferdem ist Amazon bekannt f\u00fcr seine aggressive Anti-Gewerkschaftsarbeit. Wir solidarisieren uns mit den Streiks bei Amazon, zuletzt im Fr\u00fchjahr 2020.<\/p>\n<p>Der Kampf gegen prekarisierte Besch\u00e4ftigung ist f\u00fcr uns auch immer ein queerfeministischer Kampf. Amazon steht so symbolisch als ein*e Akteur*in vielem entgegen, wof\u00fcr wir k\u00e4mpfen.<\/p>\n<p>Wir k\u00e4mpfen f\u00fcr eine Welt in der wir uns frei entfalten k\u00f6nnen.<\/p>\n<p>Das bedeutet f\u00fcr uns die Abschaffung des rassistischen, sexistischen, antisemitischen, ableistischen und kapitalistischen Systems, damit unsere Leben lebbar werden!<\/p>\n<p>Daf\u00fcr brauchen wir Orte an denen wir sein k\u00f6nnen, frei sind, unsere K\u00e4mpfe planen und vorbereiten k\u00f6nnen. Aber auch an denen wir uns erholen und wohlf\u00fchlen k\u00f6nnen, gerade auch in Zeiten von Corona.<\/p>\n<p>Gr\u00fc\u00dfe gehen raus an die Liebig 34,<\/p>\n<p>Gr\u00fc\u00dfe und Dank an die FAZ f\u00fcr die Inspiration,<\/p>\n<p>Viel Kraft an die k\u00e4mpfenden FLINT*Qs in Polen,<\/p>\n<p>Gr\u00fc\u00dfe an alle, die egal wo, mit uns den gleichen Kampf f\u00fchren!<\/p>\n<p>K\u00e4mpferische Nachtspazierg\u00e4nger*innen<\/p><\/blockquote>\n<p><strong>Quelle<\/strong>: <a href=\"http:\/\/4sy6ebszykvcv2n6.onion\/node\/114231\">Indymedia (Tor)<\/a><\/p>\n","protected":false},"excerpt":{"rendered":"<p>Frankfurt am Main, 1. November 2020 Weil die Nacht uns geh\u00f6rt, haben wir in der Nacht zum 1.11.2020 einen Amazon Locker in Frankfurt Hausen auf dem Aldi-S\u00fcd Gel\u00e4nde angegriffen und unbrauchbar gemacht. Wir haben den Scanner, den Bildschirm und die Kamera mit einem Hammer bearbeitet. Wir haben uns daf\u00fcr entschieden, da die Methode schnell und [&hellip;]<\/p>\n","protected":false},"author":12080,"featured_media":0,"comment_status":"closed","ping_status":"closed","sticky":false,"template":"","format":"standard","meta":{"footnotes":""},"categories":[2],"tags":[68],"class_list":["post-13416","post","type-post","status-publish","format-standard","hentry","category-de","tag-frankfurt-am-main"],"_links":{"self":[{"href":"https:\/\/chronik.noblogs.org\/index.php?rest_route=\/wp\/v2\/posts\/13416","targetHints":{"allow":["GET"]}}],"collection":[{"href":"https:\/\/chronik.noblogs.org\/index.php?rest_route=\/wp\/v2\/posts"}],"about":[{"href":"https:\/\/chronik.noblogs.org\/index.php?rest_route=\/wp\/v2\/types\/post"}],"author":[{"embeddable":true,"href":"https:\/\/chronik.noblogs.org\/index.php?rest_route=\/wp\/v2\/users\/12080"}],"replies":[{"embeddable":true,"href":"https:\/\/chronik.noblogs.org\/index.php?rest_route=%2Fwp%2Fv2%2Fcomments&post=13416"}],"version-history":[{"count":0,"href":"https:\/\/chronik.noblogs.org\/index.php?rest_route=\/wp\/v2\/posts\/13416\/revisions"}],"wp:attachment":[{"href":"https:\/\/chronik.noblogs.org\/index.php?rest_route=%2Fwp%2Fv2%2Fmedia&parent=13416"}],"wp:term":[{"taxonomy":"category","embeddable":true,"href":"https:\/\/chronik.noblogs.org\/index.php?rest_route=%2Fwp%2Fv2%2Fcategories&post=13416"},{"taxonomy":"post_tag","embeddable":true,"href":"https:\/\/chronik.noblogs.org\/index.php?rest_route=%2Fwp%2Fv2%2Ftags&post=13416"}],"curies":[{"name":"wp","href":"https:\/\/api.w.org\/{rel}","templated":true}]}}