{"id":13354,"date":"2020-10-07T00:01:33","date_gmt":"2020-10-06T22:01:33","guid":{"rendered":"http:\/\/chronik.blackblogs.org\/?p=13233"},"modified":"2020-10-07T00:01:33","modified_gmt":"2020-10-06T22:01:33","slug":"farbe-gegen-haus-und-grund-buero-und-schloss-verklebt-2","status":"publish","type":"post","link":"https:\/\/chronik.noblogs.org\/?p=13354","title":{"rendered":"Farbe gegen &#8220;Haus und Grund&#8221;-B\u00fcro und Schloss verklebt"},"content":{"rendered":"<p><strong>T\u00fcbingen<\/strong>, 7. Oktober 2020<\/p>\n<blockquote><p>Berlinwir haben in der nacht auf den 7.10. das b\u00fcro von &#8216;haus und grund&#8217; in t\u00fcbingen besucht, das schl\u00fcsselloch der eingangst\u00fcr mit sekundenkleber verklebt, &#8216;liebig bleibt&#8217; auf die wand gespr\u00fcht und den rest der dose \u00fcber fenstern und t\u00fcr entleert. &#8216;haus und grund&#8217; ist ein lobbyverein f\u00fcr wohnungseigent\u00fcmer*innen die profite mit wohnraum machen. sie sind mit daf\u00fcr verantwortlich, dass die mieten immer weiter steigen und menschen verdr\u00e4ngt werden.<\/p>\n<p>wir sind sehr traurig, weil die liebig am freitag ger\u00e4umt werden soll. aber wir haben unsere trauer f\u00fcr kurze zeit zu wut gemacht und energie aus dieser wut gewonnen.<br \/>\n<!--more--><br \/>\nes darf nicht sein, dass die liebig, dieser wichtige freiraum und schutzraum f\u00fcr flinta* personen verschwindet. wir wissen, dass wir die r\u00e4umung nicht verhindern werden, dass die liebig in 2,5 tagen wahrscheinlich schon ger\u00e4umt ist. aber wir wollen nichts unversucht lassen. auch wenn solche aktionen nur kleine nadelstiche sind, vielleicht k\u00f6nnen viele nadelstiche die tr\u00e4ume von profitmaximierung und unterwerfung irgendwann platzen lassen.<\/p>\n<p>warum haben wir uns f\u00fcr &#8216;haus und grund&#8217; entschieden? das hat viele gr\u00fcnde. ein paar wollen wir euch nennen.<\/p>\n<p>&#8216;Haus &amp; Grund Deutschland vertritt die Interessen der Haus-, Wohnungs- und Grundeigent\u00fcmer auf Bundesebene gegen\u00fcber der Politik, der Ministerialverwaltung, den Medien und anderen Verb\u00e4nden. Die \u00fcber 900 Haus &amp; Grund-Vereine in ganz Deutschland beraten Haus- und Wohnungseigent\u00fcmer&#8217; das schreibt &#8216;haus und grund&#8217; \u00fcber sich. &#8216;haus und grund&#8217; vertritt also die interessen derer die profite mit wohnraum machen. dadurch ist &#8216;haus und grund&#8217; mit daf\u00fcr verantwortlich, dass mieten immer weiter steigen und immer mehr menschen es sich nicht mehr leisten k\u00f6nnen in der stadt zu wohnen, zwangsger\u00e4umt und verdr\u00e4ngt werden.<\/p>\n<p>&#8216;haus und grund&#8217; bietet informationen dar\u00fcber an welche m\u00f6glichkeiten vermieter*innen haben um menschen zu k\u00fcndigen und zwangsr\u00e4umungen durchzuf\u00fchren. &#8216;haus und grund&#8217; hat kein problem damit menschen auf die stra\u00dfe zu setzen.<\/p>\n<p>kurz vor dem stichtag des mietendeckels in berlin hat &#8216;haus und grund&#8217; vermieter*innen dazu aufgerufen die mieten zu erh\u00f6hen solange sie noch die m\u00f6glichkeit dazu haben.<\/p>\n<p>es gibt noch viel mehr gr\u00fcnde aber die listen wir hier nicht alle auf. schaut mal hier vorbei: https:\/\/www.unverwertbar.org\/aktuell\/2019\/3854\/<\/p>\n<p>wohnraum ist keine ware, liebig verteidigen<\/p><\/blockquote>\n<p><strong>Quelle<\/strong>: <a href=\"https:\/\/de.indymedia.org\/node\/107795\">Indymedia<\/a><\/p>\n","protected":false},"excerpt":{"rendered":"<p>T\u00fcbingen, 7. Oktober 2020 Berlinwir haben in der nacht auf den 7.10. das b\u00fcro von &#8216;haus und grund&#8217; in t\u00fcbingen besucht, das schl\u00fcsselloch der eingangst\u00fcr mit sekundenkleber verklebt, &#8216;liebig bleibt&#8217; auf die wand gespr\u00fcht und den rest der dose \u00fcber fenstern und t\u00fcr entleert. &#8216;haus und grund&#8217; ist ein lobbyverein f\u00fcr wohnungseigent\u00fcmer*innen die profite mit [&hellip;]<\/p>\n","protected":false},"author":12080,"featured_media":0,"comment_status":"closed","ping_status":"closed","sticky":false,"template":"","format":"standard","meta":{"footnotes":""},"categories":[2],"tags":[198],"class_list":["post-13354","post","type-post","status-publish","format-standard","hentry","category-de","tag-tuebingen"],"_links":{"self":[{"href":"https:\/\/chronik.noblogs.org\/index.php?rest_route=\/wp\/v2\/posts\/13354","targetHints":{"allow":["GET"]}}],"collection":[{"href":"https:\/\/chronik.noblogs.org\/index.php?rest_route=\/wp\/v2\/posts"}],"about":[{"href":"https:\/\/chronik.noblogs.org\/index.php?rest_route=\/wp\/v2\/types\/post"}],"author":[{"embeddable":true,"href":"https:\/\/chronik.noblogs.org\/index.php?rest_route=\/wp\/v2\/users\/12080"}],"replies":[{"embeddable":true,"href":"https:\/\/chronik.noblogs.org\/index.php?rest_route=%2Fwp%2Fv2%2Fcomments&post=13354"}],"version-history":[{"count":0,"href":"https:\/\/chronik.noblogs.org\/index.php?rest_route=\/wp\/v2\/posts\/13354\/revisions"}],"wp:attachment":[{"href":"https:\/\/chronik.noblogs.org\/index.php?rest_route=%2Fwp%2Fv2%2Fmedia&parent=13354"}],"wp:term":[{"taxonomy":"category","embeddable":true,"href":"https:\/\/chronik.noblogs.org\/index.php?rest_route=%2Fwp%2Fv2%2Fcategories&post=13354"},{"taxonomy":"post_tag","embeddable":true,"href":"https:\/\/chronik.noblogs.org\/index.php?rest_route=%2Fwp%2Fv2%2Ftags&post=13354"}],"curies":[{"name":"wp","href":"https:\/\/api.w.org\/{rel}","templated":true}]}}