{"id":13333,"date":"2020-10-15T00:00:21","date_gmt":"2020-10-14T22:00:21","guid":{"rendered":"http:\/\/chronik.blackblogs.org\/?p=13333"},"modified":"2020-10-15T00:00:21","modified_gmt":"2020-10-14T22:00:21","slug":"baukran-in-flammen","status":"publish","type":"post","link":"https:\/\/chronik.noblogs.org\/?p=13333","title":{"rendered":"Baukran in Flammen"},"content":{"rendered":"<p><strong><a href=\"https:\/\/chronik.blackblogs.org\/wp-content\/uploads\/sites\/109\/2020\/10\/baukr.jpg\"><img loading=\"lazy\" decoding=\"async\" class=\"alignright size-medium wp-image-13334\" src=\"https:\/\/chronik.blackblogs.org\/wp-content\/uploads\/sites\/109\/2020\/10\/baukr-300x225.jpg\" alt=\"\" width=\"300\" height=\"225\"><\/a>Berlin<\/strong>, 15. Oktober 2020<\/p>\n<blockquote><p>Bei einem Brandanschlag auf einen mobilen Autokran ist ein Sachschaden von drei Millionen Euro entstanden. Der Staatsschutz ermittelt.<\/p>\n<p>Berlin. Ein mobiler Baukran ist am sp\u00e4ten Mittwochabend auf einer Baustelle in Moabit in Flammen aufgegangen. Dabei entstand ein Schaden von mindestens drei Millionen Euro. Gegen 22.40 Uhr hatte ein unbekannter Anrufer die Polizei und die Feuerwehr zu der Baustelle an der Heidestra\u00dfe gerufen. Wie sich herausstellte, brannte ein 450-Tonnen-Autokran mit einem Leergewicht von 96 Tonnen. Die Feuerwehr r\u00fcckte mit knapp 30 Einsatzkr\u00e4ften an und l\u00f6schte das Feuer.<br \/>\n<!--more--><br \/>\nHinter dem Brandanschlag wird ein politisches Motiv vermutet<\/p>\n<p>Eine Polizeisprecherin sagte, es handele sich vermutlich um Brandstiftung. Neben einem Brandkommissariat ermittelt auch der Polizeiliche Staatsschutz, da ein politisches Motiv hinter dem Brandanschlag vermutet wird.<\/p>\n<p>\u201eDer Schaden an dem Kran bel\u00e4uft sich auf drei Millionen Euro\u201c, sagte Rainer Fr\u00f6hlich der Berliner Morgenpost. Er ist der Eigent\u00fcmer der gleichnamigen Firma, die schweres Bauger\u00e4t, insbesondere aber Kr\u00e4ne in allen Gr\u00f6\u00dfenordnungen und Kranfahrer an Baufirmen vermietet. \u201eSpezialisten der Herstellerfirma Liebherr haben sofort am Donnerstagmorgen das Fahrzeug und die Sch\u00e4den begutachtet.\u201c Neben den etwa drei Millionen Euro Sachschaden kann der Autokran, der eine Last von bis zu 450 Tonnen heben kann, etwa neun Monate nicht eingesetzt beziehungsweise vermietet werden. \u201eAnfang n\u00e4chster Woche wird der Autokran auf der Baustelle auseinandergebaut und mit Schwerlasttransportern zur Herstellerfirma gebracht.\u201c<\/p>\n<p>Brandanschlag in Verbindung mit der R\u00e4umung der \u201eLiebig 34\u201c vermutet<\/p>\n<p>Der Firmeninhaber vermutet hinter dem Brandanschlag eine Verbindung zur R\u00e4umung des Wohnhauses Liebigstra\u00dfe 34 in Friedrichshain. Noch liege aber bei seiner Firma kein Bekennerschreiben vor. Vor und nach der R\u00e4umung des besetzten Hauses Liebigstra\u00dfe 34 hatte es in Berlin mehrere Brandanschl\u00e4ge auf Fahrzeuge und auch auf Kabelanlagen der S-Bahn gegeben. Daher liegt der Verdacht nahe, dass der Brandanschlag auf den Autokran ebenfalls von Linksextremen ver\u00fcbt wurde. Denn der Leihkran wird auf der Baustelle eines riesigen Neubauprojektes, dem Quartier Heidestra\u00dfe, in Mitte eingesetzt. Dort sollen in den kommenden Jahren etwa 3000 neue Wohnungen entstehen.<\/p><\/blockquote>\n<p><strong>Quelle<\/strong>: Berliner Morgenpost<\/p>\n<p>&nbsp;<\/p>\n<blockquote><p><a href=\"https:\/\/chronik.blackblogs.org\/wp-content\/uploads\/sites\/109\/2020\/10\/loe.jpg\"><img loading=\"lazy\" decoding=\"async\" class=\"alignright size-medium wp-image-13361\" src=\"https:\/\/chronik.blackblogs.org\/wp-content\/uploads\/sites\/109\/2020\/10\/loe-300x169.jpg\" alt=\"\" width=\"300\" height=\"169\"><\/a>In der Heidestra\u00dfe in Moabit hat ein Mobilkran auf einer Baustelle gebrannt. Der 450 Tonnen schwere Kran war in der Nacht zu Donnerstag in Flammen aufgegangen. 26 Einsatzkr\u00e4fte der Feuerwehr r\u00fcckten an. Unter Einsatz von 3 C-Rohren bek\u00e4mpfte die Feuerwehr die Flammen. Weitere Ausbreitung und Gefahren konnten so verhindert werden.<\/p>\n<p>Die Brandursache ist bislang unklar, sagte eine Polizeisprecherin auf Anfrage der Berliner Zeitung. Verletzt wurde nach derzeitigem Kenntnisstand niemand. In der Heidestra\u00dfe wird derzeit viel gebaut: So soll bis Ende 2022 ein neues B\u00fcroquartier in der neuentstehenden Europacity am Berliner Hauptbahnhof entstehen. Da die Polizei von einem Brandanschlag auf das Immobilienprojekt ausgeht, hat der f\u00fcr politisch motivierte Taten zust\u00e4ndige Staatsschutz die Ermittlungen \u00fcbernommen.<\/p><\/blockquote>\n<p><strong>Quelle<\/strong>: <a href=\"https:\/\/www.berliner-zeitung.de\/news\/moabit-mobilkran-in-flammen-li.111586\">Berliner Zeitung<\/a><\/p>\n","protected":false},"excerpt":{"rendered":"<p>Berlin, 15. Oktober 2020 Bei einem Brandanschlag auf einen mobilen Autokran ist ein Sachschaden von drei Millionen Euro entstanden. Der Staatsschutz ermittelt. Berlin. Ein mobiler Baukran ist am sp\u00e4ten Mittwochabend auf einer Baustelle in Moabit in Flammen aufgegangen. Dabei entstand ein Schaden von mindestens drei Millionen Euro. Gegen 22.40 Uhr hatte ein unbekannter Anrufer die [&hellip;]<\/p>\n","protected":false},"author":12080,"featured_media":0,"comment_status":"closed","ping_status":"closed","sticky":false,"template":"","format":"standard","meta":{"footnotes":""},"categories":[2],"tags":[24],"class_list":["post-13333","post","type-post","status-publish","format-standard","hentry","category-de","tag-berlin"],"_links":{"self":[{"href":"https:\/\/chronik.noblogs.org\/index.php?rest_route=\/wp\/v2\/posts\/13333","targetHints":{"allow":["GET"]}}],"collection":[{"href":"https:\/\/chronik.noblogs.org\/index.php?rest_route=\/wp\/v2\/posts"}],"about":[{"href":"https:\/\/chronik.noblogs.org\/index.php?rest_route=\/wp\/v2\/types\/post"}],"author":[{"embeddable":true,"href":"https:\/\/chronik.noblogs.org\/index.php?rest_route=\/wp\/v2\/users\/12080"}],"replies":[{"embeddable":true,"href":"https:\/\/chronik.noblogs.org\/index.php?rest_route=%2Fwp%2Fv2%2Fcomments&post=13333"}],"version-history":[{"count":0,"href":"https:\/\/chronik.noblogs.org\/index.php?rest_route=\/wp\/v2\/posts\/13333\/revisions"}],"wp:attachment":[{"href":"https:\/\/chronik.noblogs.org\/index.php?rest_route=%2Fwp%2Fv2%2Fmedia&parent=13333"}],"wp:term":[{"taxonomy":"category","embeddable":true,"href":"https:\/\/chronik.noblogs.org\/index.php?rest_route=%2Fwp%2Fv2%2Fcategories&post=13333"},{"taxonomy":"post_tag","embeddable":true,"href":"https:\/\/chronik.noblogs.org\/index.php?rest_route=%2Fwp%2Fv2%2Ftags&post=13333"}],"curies":[{"name":"wp","href":"https:\/\/api.w.org\/{rel}","templated":true}]}}