{"id":13299,"date":"2020-09-05T02:00:16","date_gmt":"2020-09-05T00:00:16","guid":{"rendered":"http:\/\/chronik.blackblogs.org\/?p=13299"},"modified":"2020-09-05T02:00:16","modified_gmt":"2020-09-05T00:00:16","slug":"farbe-gegen-wohnhaus-von-wolfgang-truckenbrodt-afd","status":"publish","type":"post","link":"https:\/\/chronik.noblogs.org\/?p=13299","title":{"rendered":"Farbe gegen Wohnhaus von Wolfgang Truckenbrodt (AfD)"},"content":{"rendered":"<p><strong><a href=\"https:\/\/chronik.blackblogs.org\/wp-content\/uploads\/sites\/109\/2020\/10\/ha.jpg\"><img loading=\"lazy\" decoding=\"async\" class=\"alignright size-medium wp-image-13300\" src=\"https:\/\/chronik.blackblogs.org\/wp-content\/uploads\/sites\/109\/2020\/10\/ha-300x176.jpg\" alt=\"\" width=\"300\" height=\"176\"><\/a>Bonn<\/strong>, 5. September 2020<\/p>\n<blockquote><p>Das Wohnhaus des AfD-Spitzenkandidaten in Bad Godesberg wurde zum Ziel einer gro\u00dffl\u00e4chigen Farbattacke. Die Polizei spricht von politisch motivierter Tat und schaltet den Staatsschutz ein.<\/p>\n<p>Gewalt und Beschimpfung gegen\u00fcber Politikern, Amts- und Mandatstr\u00e4gern scheint zunehmend zum Alltagsph\u00e4nomen zu werden. In Bonn waren es zuletzt wiederholt Vertreter der AfD, die zum Ziel von \u00dcbergriffen wurden. Am Wohnhaus von Wolfgang Truckenbrodt, Kandidat f\u00fcr die Bezirksvertretung Bad Godesberg, hinterlie\u00dfen Unbekannte bei einem Farbanschlag jetzt erheblichen Schaden an der Fassade. Die Polizei geht von einer politisch motivierten Tat aus, der Staatsschutz ermittelt.<\/p>\n<p>Die Hilfsmittel f\u00fcr die Attacke finden sich theoretisch in jedem Baumarkt.<!--more--> Ersten Erkenntnissen zufolge schleuderten die T\u00e4ter mit blauer Farbe gef\u00fcllte Glasbeh\u00e4lter gegen die rote Klinkerwand und verspr\u00fchten \u00fcberdies Farbe aus einem Druckbeh\u00e4lter. Der Vorfall ereignete sich in der Nacht zu Samstag. Zwar handelte es sich offenbar um wasserl\u00f6sliche Farbe. Die allerdings drang bei dem Angriff nicht nur in die Mauerfugen und den Rollladenkasten ein, sondern gelangte durch ein halboffen stehendes Fenster auch ins Innere des Hauses. Der Eigent\u00fcmer rechnet mit einem Schaden im weit f\u00fcnfstelligen Bereich. Ob eine Versicherung daf\u00fcr aufkommt, wisse er derzeit nicht.<\/p>\n<p>Dass das in einer Friesdorfer Nebenstra\u00dfe gelegene Haus das Domizil eines AfD-Vertreters ist, war zuletzt offensichtlich \u2013 hatte Truckenbrodt doch auch sein Grundst\u00fcck sowie die angrenzenden Stra\u00dfen f\u00fcr Wahlkampfzwecke genutzt und dort Plakate aufgeh\u00e4ngt. Nebenerscheinungen wie \u00dcbermalung und Beschriftung folgten vielfach auf dem Fu\u00df. Zu einem \u201epolitischen Wallfahrtsort\u201c sei sein Viertel inzwischen geworden, sagt Truckenbrodt und spielt auf die zahlreichen Auseinandersetzungen an, die er und Parteifreunde an Infost\u00e4nden und beim Kleben von Plakaten erlebten. In Bad Godesberg, sagt er, werde der Umgang mit der Partei in den sozialen Netzwerken \u201ekontrovers\u201c diskutiert.<\/p>\n<p>Am Samstag, also nur Stunden vor der Farbattacke, hatte der 67-J\u00e4hrige seinerseits selbst Pfefferspray zum Einsatz gebracht. Nach bisherigem Ermittlungsstand der Polizei hatte sich der Spitzenkandidat beim Aufh\u00e4ngen eines Wahlplakats in der Prinzenstra\u00dfe von einem Mann bedroht gef\u00fchlt, der in der N\u00e4he aus dem Auto gestiegen war. Als der Streit zu eskalieren drohte, verspr\u00fchte Truckenbrodt das Pfefferspray, beide M\u00e4nner zeigten einander gegenseitig an.<\/p>\n<p>Noch w\u00e4hrend die Polizei diesen Disput aufnahm, folgte der n\u00e4chste Akt: Ein Radfahrer beschimpfte die AfD-Leute im Vorbeifahren deftig, einer der Wahlk\u00e4mpfer folgte ihm auf dem Motorrad und holte ihn \u2013 gefolgt von der Polizei \u2013 am S\u00fcdfriedhof ein, wo es zu einem Handgemenge kam. Ergebnis auch hier: zwei wechselseitige Anzeigen. Vor wenigen Wochen meldete die Polizei eine Pfefferspray-Attacke auf zwei M\u00e4nner, die an der Viktoriabr\u00fccke AfD-Plakate aufgeh\u00e4ngt hatten. Auch massive Farbanschl\u00e4ge gegen H\u00e4user von Vertretern der Partei hat es in Bonn schon mehrfach gegeben. Doch das Ph\u00e4nomen ist nicht auf Bonn beschr\u00e4nkt: Das Bundesinnenministerium spricht \u2013 auf ganz Deutschland bezogen \u2013 von einem \u201egezielten Vorgehen gewaltorientierter Linksextremisten\u201c. fa<\/p><\/blockquote>\n<p><strong>Quelle<\/strong>: <a href=\"https:\/\/ga.de\/bonn\/bad-godesberg\/afd-in-bonn-staatsschutz-ermittelt-nach-farbattacke-auf-wohnhaus_aid-53197853\">General Anzeiger<\/a><\/p>\n","protected":false},"excerpt":{"rendered":"<p>Bonn, 5. September 2020 Das Wohnhaus des AfD-Spitzenkandidaten in Bad Godesberg wurde zum Ziel einer gro\u00dffl\u00e4chigen Farbattacke. Die Polizei spricht von politisch motivierter Tat und schaltet den Staatsschutz ein. Gewalt und Beschimpfung gegen\u00fcber Politikern, Amts- und Mandatstr\u00e4gern scheint zunehmend zum Alltagsph\u00e4nomen zu werden. In Bonn waren es zuletzt wiederholt Vertreter der AfD, die zum Ziel [&hellip;]<\/p>\n","protected":false},"author":12080,"featured_media":0,"comment_status":"closed","ping_status":"closed","sticky":false,"template":"","format":"standard","meta":{"footnotes":""},"categories":[2],"tags":[29],"class_list":["post-13299","post","type-post","status-publish","format-standard","hentry","category-de","tag-bonn"],"_links":{"self":[{"href":"https:\/\/chronik.noblogs.org\/index.php?rest_route=\/wp\/v2\/posts\/13299","targetHints":{"allow":["GET"]}}],"collection":[{"href":"https:\/\/chronik.noblogs.org\/index.php?rest_route=\/wp\/v2\/posts"}],"about":[{"href":"https:\/\/chronik.noblogs.org\/index.php?rest_route=\/wp\/v2\/types\/post"}],"author":[{"embeddable":true,"href":"https:\/\/chronik.noblogs.org\/index.php?rest_route=\/wp\/v2\/users\/12080"}],"replies":[{"embeddable":true,"href":"https:\/\/chronik.noblogs.org\/index.php?rest_route=%2Fwp%2Fv2%2Fcomments&post=13299"}],"version-history":[{"count":0,"href":"https:\/\/chronik.noblogs.org\/index.php?rest_route=\/wp\/v2\/posts\/13299\/revisions"}],"wp:attachment":[{"href":"https:\/\/chronik.noblogs.org\/index.php?rest_route=%2Fwp%2Fv2%2Fmedia&parent=13299"}],"wp:term":[{"taxonomy":"category","embeddable":true,"href":"https:\/\/chronik.noblogs.org\/index.php?rest_route=%2Fwp%2Fv2%2Fcategories&post=13299"},{"taxonomy":"post_tag","embeddable":true,"href":"https:\/\/chronik.noblogs.org\/index.php?rest_route=%2Fwp%2Fv2%2Ftags&post=13299"}],"curies":[{"name":"wp","href":"https:\/\/api.w.org\/{rel}","templated":true}]}}