{"id":13288,"date":"2020-10-10T00:00:49","date_gmt":"2020-10-09T22:00:49","guid":{"rendered":"http:\/\/chronik.blackblogs.org\/?p=13288"},"modified":"2020-10-10T00:00:49","modified_gmt":"2020-10-09T22:00:49","slug":"polizeiwache-mit-farbe-beschmissen","status":"publish","type":"post","link":"https:\/\/chronik.noblogs.org\/?p=13288","title":{"rendered":"Polizeiwache mit Farbe beschmissen"},"content":{"rendered":"<p><strong><a href=\"https:\/\/chronik.blackblogs.org\/wp-content\/uploads\/sites\/109\/2020\/10\/lueb.jpg\"><img loading=\"lazy\" decoding=\"async\" class=\"alignright size-medium wp-image-13290\" src=\"https:\/\/chronik.blackblogs.org\/wp-content\/uploads\/sites\/109\/2020\/10\/lueb-300x200.jpg\" alt=\"\" width=\"300\" height=\"200\"><\/a>L\u00fcbeck<\/strong>, 10. Oktober 2020<\/p>\n<blockquote><p>Wir haben die Bullenwache in der Mengstra\u00dfe, Innenstadt, mit Farbe beworfen.<\/p>\n<p>Wir haben in der Nacht von Freitag auf Samstag die Bullenwache in der Mengstra\u00dfe, Innenstadt, mit Farbe beworfen und unserer Wut \u00fcber die R\u00e4umung der Liebig 34 Ausdruck verliehen.<br \/>\nDie Liebig 34 wurde ger\u00e4umt. Aber sie lebt weiter: In unseren Herzen, K\u00f6pfen und vor allem in unseren K\u00e4mpfen.<!--more--><\/p>\n<p>Liebe Liebig, wir haben deinen Ruf geh\u00f6rt:<br \/>\nChaos statt R\u00e4umung! Jede R\u00e4umung hat ihren Preis.<\/p><\/blockquote>\n<p><strong>Quelle<\/strong>: <a href=\"https:\/\/de.indymedia.org\/node\/108689\">Indymedia<\/a><\/p>\n<p>&nbsp;<\/p>\n<blockquote><p>Gemeinsame Medieninformation der Polizeidirektion L\u00fcbeck und der Staatsanwaltschaft L\u00fcbeck<br \/>\nIn der Nacht vom 09.10. auf den 10.10.2020 wurde das Dienstgeb\u00e4ude des 1. Polizeirevieres L\u00fcbeck in der Mengsta\u00dfe mit Eiern beworfen, die mit Farbe gef\u00fcllt waren.<br \/>\nDer Vorfall ereignete sich in der Zeit von 02.25 Uhr und 03.08 Uhr.<\/p>\n<p>Festgestellt wurde, dass das Geb\u00e4ude mit insgesamt elf farbgef\u00fcllten H\u00fchnereiern beworfen wurde, von denen f\u00fcnf die Geb\u00e4udefassade zur Stra\u00dfe &#8220;F\u00fcnfhausen&#8221; getroffen hatten.<\/p>\n<p>Einsatzfahrzeuge der Polizei wurden nicht besch\u00e4digt.<br \/>\nHinweise auf Tatverd\u00e4chtige liegen zurzeit noch nicht vor, Zeugenhinweise werden auf jeder Polizeidienststelle entgegengenommen.<\/p><\/blockquote>\n<p><strong>Quelle<\/strong>: Polizei<\/p>\n","protected":false},"excerpt":{"rendered":"<p>L\u00fcbeck, 10. Oktober 2020 Wir haben die Bullenwache in der Mengstra\u00dfe, Innenstadt, mit Farbe beworfen. Wir haben in der Nacht von Freitag auf Samstag die Bullenwache in der Mengstra\u00dfe, Innenstadt, mit Farbe beworfen und unserer Wut \u00fcber die R\u00e4umung der Liebig 34 Ausdruck verliehen. Die Liebig 34 wurde ger\u00e4umt. Aber sie lebt weiter: In unseren [&hellip;]<\/p>\n","protected":false},"author":12080,"featured_media":0,"comment_status":"closed","ping_status":"closed","sticky":false,"template":"","format":"standard","meta":{"footnotes":""},"categories":[2],"tags":[121],"class_list":["post-13288","post","type-post","status-publish","format-standard","hentry","category-de","tag-luebeck"],"_links":{"self":[{"href":"https:\/\/chronik.noblogs.org\/index.php?rest_route=\/wp\/v2\/posts\/13288","targetHints":{"allow":["GET"]}}],"collection":[{"href":"https:\/\/chronik.noblogs.org\/index.php?rest_route=\/wp\/v2\/posts"}],"about":[{"href":"https:\/\/chronik.noblogs.org\/index.php?rest_route=\/wp\/v2\/types\/post"}],"author":[{"embeddable":true,"href":"https:\/\/chronik.noblogs.org\/index.php?rest_route=\/wp\/v2\/users\/12080"}],"replies":[{"embeddable":true,"href":"https:\/\/chronik.noblogs.org\/index.php?rest_route=%2Fwp%2Fv2%2Fcomments&post=13288"}],"version-history":[{"count":0,"href":"https:\/\/chronik.noblogs.org\/index.php?rest_route=\/wp\/v2\/posts\/13288\/revisions"}],"wp:attachment":[{"href":"https:\/\/chronik.noblogs.org\/index.php?rest_route=%2Fwp%2Fv2%2Fmedia&parent=13288"}],"wp:term":[{"taxonomy":"category","embeddable":true,"href":"https:\/\/chronik.noblogs.org\/index.php?rest_route=%2Fwp%2Fv2%2Fcategories&post=13288"},{"taxonomy":"post_tag","embeddable":true,"href":"https:\/\/chronik.noblogs.org\/index.php?rest_route=%2Fwp%2Fv2%2Ftags&post=13288"}],"curies":[{"name":"wp","href":"https:\/\/api.w.org\/{rel}","templated":true}]}}