{"id":13278,"date":"2020-10-10T00:00:37","date_gmt":"2020-10-09T22:00:37","guid":{"rendered":"http:\/\/chronik.blackblogs.org\/?p=13278"},"modified":"2020-10-10T00:00:37","modified_gmt":"2020-10-09T22:00:37","slug":"polizeiwagen-mit-steinen-und-farbe-attackiert","status":"publish","type":"post","link":"https:\/\/chronik.noblogs.org\/?p=13278","title":{"rendered":"Polizeiwagen mit Steinen und Farbe attackiert"},"content":{"rendered":"<p><strong><a href=\"https:\/\/chronik.blackblogs.org\/wp-content\/uploads\/sites\/109\/2020\/10\/9621.jpg\"><img loading=\"lazy\" decoding=\"async\" class=\"alignright size-medium wp-image-13279\" src=\"https:\/\/chronik.blackblogs.org\/wp-content\/uploads\/sites\/109\/2020\/10\/9621-225x300.jpg\" alt=\"\" width=\"225\" height=\"300\"><\/a>Dannenr\u00f6der Wald<\/strong>, 10. Oktober 2020<\/p>\n<blockquote><p>Heute haben mir mit einigen Militanten eine besetzte Bullenkarre im Dannenr\u00f6der Wald platt gemacht &#8211; letzte Warnung an die Belagerer!<\/p>\n<p>Tag X ist da &#8211; mit tausenden von Bullen soll f\u00fcr Kapitalinteressen der Dannenr\u00f6der Forst abgeholzt werden. Angrenzend ging es in den letzten Tagen schon los und viele widersetzen sich dem. Wir wollen unseren Teil zum bunten Bild des Widerstands beitragen und freuen uns \u00fcber alle solidarischen Aktionsformen und Nachahmer_innen<\/p>\n<p>Weil bereits schon viel zu viele B\u00e4ume gefallen sind, viel zu viele Genoss_innen in der GeSa gelandet sind und mit Verfahren \u00fcberzogen werden haben wir heute eine unmissverst\u00e4ndliche Warnung ausgesprochen.<!--more--> Mit Steinen und Farbe haben wir eine Wanne am Waldrand angegriffen w\u00e4hrend die Besatzung darin wohl dachte sie w\u00e4ren sicher und Lenkrad und Funkger\u00e4t unbeachtet liessen. Das hat sie einige Scheiben und Nerven gekostet w\u00e4hrend wir danach wieder entspannt im Wald verschwunden sind.<\/p>\n<p>Wir wollen unseren Angriff auch als eine letzte Warnung an die Bullenschweine richten &#8211; wenn ihr euch weiter im oder am Wald aufhaltet und euch an ihm zu schaffen macht, werden wir unsere Angriffe intensivieren. Wir kennen eure Wege, wir kennen eure Routinen und wir wissen wie wir euch angreifen k\u00f6nnen um eurem zerst\u00f6rerischen Treiben ein Ende zu setzen.<\/p>\n<p>An unsere Freunde: Kommt in den Wald! Beteiligt euch an (militanten) Aktionen gegen die R\u00e4umung! St\u00e4rkt den Widerstand und macht wunderbare Erfahrungen die euch auch im Kampf in der Stadt n\u00fctzlich sein werden.<\/p>\n<p>Solidarit\u00e4t mit der Liebig!<\/p>\n<p>Gegen dieses kaputte System und seine Logik!<\/p>\n<p>Verhindert die Abholzung des Dannis und aller anderen W\u00e4lder!<\/p>\n<p>Auf in die revolution\u00e4re Offensive!<\/p><\/blockquote>\n<p><strong>Quelle<\/strong>: <a href=\"https:\/\/de.indymedia.org\/node\/108746\">Indymedia<\/a><\/p>\n<p>&nbsp;<\/p>\n<blockquote><p>Angriff auf Polizeifahrzeug Um 18:00 Uhr wird im Bereich des Kl\u00e4rwerks Lehrbach ein Angriff auf ein mit vier Polizisten besetztes Polizeifahrzeug gemeldet, dass mit Steinen und Farbbeutel beworfen und dadurch besch\u00e4digt wurde. Die Polizeibeamten im Fahrzeug kamen dabei nicht zu Schaden. Durch die Steinw\u00fcrfe wurden mehrere Scheiben des Streifenwagens komplett zerst\u00f6rt. Der Angriff wurde durch mehrere vermummte Personen aus dem angrenzenden Waldgebiet durchgef\u00fchrt, die daraufhin zur\u00fcck in den Wald fl\u00fcchteten.<\/p><\/blockquote>\n<p><strong>Quelle<\/strong>: Polizei<\/p>\n","protected":false},"excerpt":{"rendered":"<p>Dannenr\u00f6der Wald, 10. Oktober 2020 Heute haben mir mit einigen Militanten eine besetzte Bullenkarre im Dannenr\u00f6der Wald platt gemacht &#8211; letzte Warnung an die Belagerer! Tag X ist da &#8211; mit tausenden von Bullen soll f\u00fcr Kapitalinteressen der Dannenr\u00f6der Forst abgeholzt werden. Angrenzend ging es in den letzten Tagen schon los und viele widersetzen sich [&hellip;]<\/p>\n","protected":false},"author":12080,"featured_media":0,"comment_status":"closed","ping_status":"closed","sticky":false,"template":"","format":"standard","meta":{"footnotes":""},"categories":[2],"tags":[371],"class_list":["post-13278","post","type-post","status-publish","format-standard","hentry","category-de","tag-dannenroeder-wald"],"_links":{"self":[{"href":"https:\/\/chronik.noblogs.org\/index.php?rest_route=\/wp\/v2\/posts\/13278","targetHints":{"allow":["GET"]}}],"collection":[{"href":"https:\/\/chronik.noblogs.org\/index.php?rest_route=\/wp\/v2\/posts"}],"about":[{"href":"https:\/\/chronik.noblogs.org\/index.php?rest_route=\/wp\/v2\/types\/post"}],"author":[{"embeddable":true,"href":"https:\/\/chronik.noblogs.org\/index.php?rest_route=\/wp\/v2\/users\/12080"}],"replies":[{"embeddable":true,"href":"https:\/\/chronik.noblogs.org\/index.php?rest_route=%2Fwp%2Fv2%2Fcomments&post=13278"}],"version-history":[{"count":0,"href":"https:\/\/chronik.noblogs.org\/index.php?rest_route=\/wp\/v2\/posts\/13278\/revisions"}],"wp:attachment":[{"href":"https:\/\/chronik.noblogs.org\/index.php?rest_route=%2Fwp%2Fv2%2Fmedia&parent=13278"}],"wp:term":[{"taxonomy":"category","embeddable":true,"href":"https:\/\/chronik.noblogs.org\/index.php?rest_route=%2Fwp%2Fv2%2Fcategories&post=13278"},{"taxonomy":"post_tag","embeddable":true,"href":"https:\/\/chronik.noblogs.org\/index.php?rest_route=%2Fwp%2Fv2%2Ftags&post=13278"}],"curies":[{"name":"wp","href":"https:\/\/api.w.org\/{rel}","templated":true}]}}