{"id":13165,"date":"2020-09-25T00:00:15","date_gmt":"2020-09-24T22:00:15","guid":{"rendered":"http:\/\/chronik.blackblogs.org\/?p=13165"},"modified":"2020-09-25T00:00:15","modified_gmt":"2020-09-24T22:00:15","slug":"farbe-gegen-gruenen-buero-2","status":"publish","type":"post","link":"https:\/\/chronik.noblogs.org\/?p=13165","title":{"rendered":"Farbe gegen Gr\u00fcnen-B\u00fcro"},"content":{"rendered":"<p><strong>Frankfurt am Main<\/strong>, 25. September 2020<\/p>\n<blockquote><p>In der Nacht vom 24. auf den 25. September haben wir dem Frankfurter Gr\u00fcnen B\u00fcro einen kleinen Vorgeschmack davon verpasst, was passiert wenn sie den Dannenr\u00f6der Wald einer sinnlosen weiteren Autobahn opfern. Mit Chrom und Farbeiern wurde im Schutz der Dunkelheit ihr B\u00fcro markiert.<\/p>\n<p>Die Vergangenheit, Gegenwart und Zukunft der &#8220;gr\u00fcnen&#8221; Partei ist eine des Verrats an der Umweltbewegung und so wird es auch in alle Zukunft sein. Die wenigen guten sind lange raus und der Rest hat Ideale f\u00fcr Posten und Macht verkauft. Alles zeigen sie zum wiederholten Male im Dannenr\u00f6der Wald. Doch wir sind vorbereitet<!--more--> &#8211; wir werden die R\u00e4umung mit allen Mitteln verhindern. Doch seid euch gewiss &#8211; Bullen und &#8220;gr\u00fcne&#8221; Politiker &#8211; sicher k\u00f6nnt ihr im Wald nicht sein &#8211; versucht es erst gar nicht!! Kommt alle ab sofort in den Wald, beteiligt euch an Aktionen und Besetzungen! Danni bleibt!F\u00fcr eine revolutionn\u00e4re \u00d6ko Bewegung!<\/p><\/blockquote>\n<p><strong>Quelle<\/strong>: <a href=\"https:\/\/de.indymedia.org\/node\/105688\">Indymedia<\/a><\/p>\n","protected":false},"excerpt":{"rendered":"<p>Frankfurt am Main, 25. September 2020 In der Nacht vom 24. auf den 25. September haben wir dem Frankfurter Gr\u00fcnen B\u00fcro einen kleinen Vorgeschmack davon verpasst, was passiert wenn sie den Dannenr\u00f6der Wald einer sinnlosen weiteren Autobahn opfern. Mit Chrom und Farbeiern wurde im Schutz der Dunkelheit ihr B\u00fcro markiert. Die Vergangenheit, Gegenwart und Zukunft [&hellip;]<\/p>\n","protected":false},"author":12080,"featured_media":0,"comment_status":"closed","ping_status":"closed","sticky":false,"template":"","format":"standard","meta":{"footnotes":""},"categories":[2],"tags":[68],"class_list":["post-13165","post","type-post","status-publish","format-standard","hentry","category-de","tag-frankfurt-am-main"],"_links":{"self":[{"href":"https:\/\/chronik.noblogs.org\/index.php?rest_route=\/wp\/v2\/posts\/13165","targetHints":{"allow":["GET"]}}],"collection":[{"href":"https:\/\/chronik.noblogs.org\/index.php?rest_route=\/wp\/v2\/posts"}],"about":[{"href":"https:\/\/chronik.noblogs.org\/index.php?rest_route=\/wp\/v2\/types\/post"}],"author":[{"embeddable":true,"href":"https:\/\/chronik.noblogs.org\/index.php?rest_route=\/wp\/v2\/users\/12080"}],"replies":[{"embeddable":true,"href":"https:\/\/chronik.noblogs.org\/index.php?rest_route=%2Fwp%2Fv2%2Fcomments&post=13165"}],"version-history":[{"count":0,"href":"https:\/\/chronik.noblogs.org\/index.php?rest_route=\/wp\/v2\/posts\/13165\/revisions"}],"wp:attachment":[{"href":"https:\/\/chronik.noblogs.org\/index.php?rest_route=%2Fwp%2Fv2%2Fmedia&parent=13165"}],"wp:term":[{"taxonomy":"category","embeddable":true,"href":"https:\/\/chronik.noblogs.org\/index.php?rest_route=%2Fwp%2Fv2%2Fcategories&post=13165"},{"taxonomy":"post_tag","embeddable":true,"href":"https:\/\/chronik.noblogs.org\/index.php?rest_route=%2Fwp%2Fv2%2Ftags&post=13165"}],"curies":[{"name":"wp","href":"https:\/\/api.w.org\/{rel}","templated":true}]}}