{"id":13156,"date":"2020-09-22T00:00:04","date_gmt":"2020-09-21T22:00:04","guid":{"rendered":"http:\/\/chronik.blackblogs.org\/?p=13156"},"modified":"2020-09-22T00:00:04","modified_gmt":"2020-09-21T22:00:04","slug":"autos-markiert","status":"publish","type":"post","link":"https:\/\/chronik.noblogs.org\/?p=13156","title":{"rendered":"Autos markiert"},"content":{"rendered":"<p><strong>Gie\u00dfen<\/strong>, 22. September 2020<\/p>\n<blockquote><p>Letzte Nacht wurden zahlreiche Autos markiert und damit zum abfackeln freigegeben &#8211; genau wie die B\u00e4ume auf der Trasse der geplanten Autobahn A49 im Dannenr\u00f6der Forst.<\/p>\n<p>Hallo,<br \/>\nletzte Nacht haben wir mit den Markierungsarbeiten begonnen.<\/p>\n<p>Durch unsere Aktion \u201eFreigabemarkierung zum Abfackeln\u201c wollen wir Aufmerksamkeit f\u00fcr die angedrohte R\u00e4umung der Besetzung im Dannenr\u00f6der Forst schaffen. Wir m\u00f6chten die R\u00e4umung verhindern oder den Preis hochtreiben.<br \/>\n<!--more--><br \/>\nWir haben vorerst eine Menge gro\u00dfspurige Karren mit einem Streifen Farbe gekennzeichnet. Dies analog zu den Markierungen von B\u00e4umen im Dannenr\u00f6der Forst und anderswo, die wegen des nicht nachvollziehbaren und unzeitgem\u00e4\u00dfen L\u00fcckenschlusses der A49 gef\u00e4llt werden sollen.<\/p>\n<p>Die Nummernschilder der markierten Dreckschleudern wurden aufgezeichnet. Falls tats\u00e4chlich eine R\u00e4umung beginnt, werden wir diese dann aus dem Verkehr genommen. Sollte es gelingen, Nummernschilder zu tauschen oder die Fahrzeuge in der \u201ehei\u00dfen\u201c Phase au\u00dferhalb der Stadtgrenzen zu parken, machen wir unmarkierte Ersatzautos platt.<\/p>\n<p>Wir machen dies nicht aus \u00dcbermut oder Zerst\u00f6rungswut. Als besorgte Menschen sehen wir uns aber dem rechtfertigenden Notstand verpflichtet. B\u00e4ume sind ein CO\u00b2 Speicher. Die Zeiten sind vorbei, in welchen diese gro\u00dffl\u00e4chig ungestraft abger\u00e4umt werden k\u00f6nnen. Alles nur, um weitere Infrastruktur f\u00fcr noch mehr motorisierten Individualverkehr zu schaffen. Wir brauchen auch keine weitere Bodenversiegelung zum Transport von meist bl\u00f6dsinnigen Konsumartikeln kreuz und quer durch die Landschaft. Dies nur, um einige wenige zu bereichern und andere in ihrer Dummheit zu halten. Das geh\u00f6rt einged\u00e4mmt. Der Transport notwendiger G\u00fcter muss \u00fcberwiegend zur\u00fcck auf die Schiene. Alte Strecken m\u00fcssen reaktiviert werden!<\/p>\n<p>Solidarit\u00e4t mit den WaldbesetzerInnen und allen vergleichbaren Aktionen weltweit!<\/p><\/blockquote>\n<p><strong>Quelle<\/strong>: <a href=\"https:\/\/de.indymedia.org\/node\/105160\">Indymedia<\/a><\/p>\n","protected":false},"excerpt":{"rendered":"<p>Gie\u00dfen, 22. September 2020 Letzte Nacht wurden zahlreiche Autos markiert und damit zum abfackeln freigegeben &#8211; genau wie die B\u00e4ume auf der Trasse der geplanten Autobahn A49 im Dannenr\u00f6der Forst. Hallo, letzte Nacht haben wir mit den Markierungsarbeiten begonnen. Durch unsere Aktion \u201eFreigabemarkierung zum Abfackeln\u201c wollen wir Aufmerksamkeit f\u00fcr die angedrohte R\u00e4umung der Besetzung im [&hellip;]<\/p>\n","protected":false},"author":12080,"featured_media":0,"comment_status":"closed","ping_status":"closed","sticky":false,"template":"","format":"standard","meta":{"footnotes":""},"categories":[2],"tags":[77],"class_list":["post-13156","post","type-post","status-publish","format-standard","hentry","category-de","tag-giessen"],"_links":{"self":[{"href":"https:\/\/chronik.noblogs.org\/index.php?rest_route=\/wp\/v2\/posts\/13156","targetHints":{"allow":["GET"]}}],"collection":[{"href":"https:\/\/chronik.noblogs.org\/index.php?rest_route=\/wp\/v2\/posts"}],"about":[{"href":"https:\/\/chronik.noblogs.org\/index.php?rest_route=\/wp\/v2\/types\/post"}],"author":[{"embeddable":true,"href":"https:\/\/chronik.noblogs.org\/index.php?rest_route=\/wp\/v2\/users\/12080"}],"replies":[{"embeddable":true,"href":"https:\/\/chronik.noblogs.org\/index.php?rest_route=%2Fwp%2Fv2%2Fcomments&post=13156"}],"version-history":[{"count":0,"href":"https:\/\/chronik.noblogs.org\/index.php?rest_route=\/wp\/v2\/posts\/13156\/revisions"}],"wp:attachment":[{"href":"https:\/\/chronik.noblogs.org\/index.php?rest_route=%2Fwp%2Fv2%2Fmedia&parent=13156"}],"wp:term":[{"taxonomy":"category","embeddable":true,"href":"https:\/\/chronik.noblogs.org\/index.php?rest_route=%2Fwp%2Fv2%2Fcategories&post=13156"},{"taxonomy":"post_tag","embeddable":true,"href":"https:\/\/chronik.noblogs.org\/index.php?rest_route=%2Fwp%2Fv2%2Ftags&post=13156"}],"curies":[{"name":"wp","href":"https:\/\/api.w.org\/{rel}","templated":true}]}}