{"id":13131,"date":"2020-09-08T00:00:26","date_gmt":"2020-09-07T22:00:26","guid":{"rendered":"http:\/\/chronik.blackblogs.org\/?p=13131"},"modified":"2020-09-08T00:00:26","modified_gmt":"2020-09-07T22:00:26","slug":"farbbeutel-gegen-cdu-buero-4","status":"publish","type":"post","link":"https:\/\/chronik.noblogs.org\/?p=13131","title":{"rendered":"Farbbeutel gegen CDU-B\u00fcro"},"content":{"rendered":"<p><strong>Bremen<\/strong>, 8. September 2020<\/p>\n<blockquote><p>Unbekannte warfen mehrere Farbbeutel an das Bremer CDU-Geb\u00e4ude in Bremen Mitte. Die Polizei sucht Zeugen.<\/p>\n<p>Die T\u00e4ter warfen vier Farbbeutel auf ein gro\u00dfes Wahlplakat an der Fassade des CDU-B\u00fcros Am Wall. Dadurch wurden auch Teile der Au\u00dfenfassade mit roter Farbe verschmutzt. Ein Mitarbeiter bemerkte den Schaden am Dienstagmorgen und alarmierte die Polizei.<!--more--><\/p>\n<p>Die Kriminalpolizei hat die Ermittlungen aufgenommen, sucht Zeugen und fragt: Wer hat verd\u00e4chtige Beobachtungen gemacht?<\/p><\/blockquote>\n<p><strong>Quelle<\/strong>: Polizei<\/p>\n","protected":false},"excerpt":{"rendered":"<p>Bremen, 8. September 2020 Unbekannte warfen mehrere Farbbeutel an das Bremer CDU-Geb\u00e4ude in Bremen Mitte. Die Polizei sucht Zeugen. Die T\u00e4ter warfen vier Farbbeutel auf ein gro\u00dfes Wahlplakat an der Fassade des CDU-B\u00fcros Am Wall. Dadurch wurden auch Teile der Au\u00dfenfassade mit roter Farbe verschmutzt. Ein Mitarbeiter bemerkte den Schaden am Dienstagmorgen und alarmierte die [&hellip;]<\/p>\n","protected":false},"author":12080,"featured_media":0,"comment_status":"closed","ping_status":"closed","sticky":false,"template":"","format":"standard","meta":{"footnotes":""},"categories":[2],"tags":[32],"class_list":["post-13131","post","type-post","status-publish","format-standard","hentry","category-de","tag-bremen"],"_links":{"self":[{"href":"https:\/\/chronik.noblogs.org\/index.php?rest_route=\/wp\/v2\/posts\/13131","targetHints":{"allow":["GET"]}}],"collection":[{"href":"https:\/\/chronik.noblogs.org\/index.php?rest_route=\/wp\/v2\/posts"}],"about":[{"href":"https:\/\/chronik.noblogs.org\/index.php?rest_route=\/wp\/v2\/types\/post"}],"author":[{"embeddable":true,"href":"https:\/\/chronik.noblogs.org\/index.php?rest_route=\/wp\/v2\/users\/12080"}],"replies":[{"embeddable":true,"href":"https:\/\/chronik.noblogs.org\/index.php?rest_route=%2Fwp%2Fv2%2Fcomments&post=13131"}],"version-history":[{"count":0,"href":"https:\/\/chronik.noblogs.org\/index.php?rest_route=\/wp\/v2\/posts\/13131\/revisions"}],"wp:attachment":[{"href":"https:\/\/chronik.noblogs.org\/index.php?rest_route=%2Fwp%2Fv2%2Fmedia&parent=13131"}],"wp:term":[{"taxonomy":"category","embeddable":true,"href":"https:\/\/chronik.noblogs.org\/index.php?rest_route=%2Fwp%2Fv2%2Fcategories&post=13131"},{"taxonomy":"post_tag","embeddable":true,"href":"https:\/\/chronik.noblogs.org\/index.php?rest_route=%2Fwp%2Fv2%2Ftags&post=13131"}],"curies":[{"name":"wp","href":"https:\/\/api.w.org\/{rel}","templated":true}]}}