{"id":12966,"date":"2020-08-13T00:00:19","date_gmt":"2020-08-12T22:00:19","guid":{"rendered":"http:\/\/chronik.blackblogs.org\/?p=12966"},"modified":"2020-08-13T00:00:19","modified_gmt":"2020-08-12T22:00:19","slug":"auto-von-ronald-glaeser-afd-ausgebrannt","status":"publish","type":"post","link":"https:\/\/chronik.noblogs.org\/?p=12966","title":{"rendered":"Auto von Ronald Gl\u00e4ser (AfD) ausgebrannt"},"content":{"rendered":"<p><strong><a href=\"https:\/\/chronik.blackblogs.org\/wp-content\/uploads\/sites\/109\/2020\/08\/afdro.jpg\"><img loading=\"lazy\" decoding=\"async\" class=\"alignright size-medium wp-image-12967\" src=\"https:\/\/chronik.blackblogs.org\/wp-content\/uploads\/sites\/109\/2020\/08\/afdro-300x169.jpg\" alt=\"\" width=\"300\" height=\"169\"><\/a>Berlin<\/strong>, 13. August 2020<\/p>\n<blockquote><p>Auf das Auto des Sprechers der Berliner AfD Ronald Gl\u00e4ser ist in der Nacht zu Donnerstag ein Brandanschlag ver\u00fcbt worden. Das best\u00e4tigte Gl\u00e4ser nach einem Eintrag auf der Internetplattform Twitter der Berliner Morgenpost. Dort stellte er auch ein Foto des zerst\u00f6rten Golf ein. Ein weiteres Fahrzeug wurde durch Hitze der Flammen erheblich besch\u00e4digt. Die Feuerwehr konnte schnell l\u00f6schen.<\/p>\n<p>Der Anschlag habe sich gegen 2 Uhr nachts in unmittelbarer N\u00e4he seiner Wohnung im n\u00f6rdlichen Pankow ereignet. \u201eAls die Polizisten bei mir klingelten, habe ich mir schon gedacht, dass das Auto abgefackelt worden sein k\u00f6nnte\u201c, sagte Gl\u00e4ser. Die Brandstiftung sei \u201eein weiterer Fall einer schlimmen Serie in der Stadt\u201c, sagte Gl\u00e4ser.<!--more--><\/p>\n<p>Autos von AfD-Politikern mehrfach Ziel von Anschl\u00e4gen<\/p>\n<p>Autos von AfD-Politikern waren in Berlin bereits mehrfach das Ziel von Anschl\u00e4gen. Bei dem Wagen des AfD-Fraktionschefs Georg Pazderski wurden die Scheiben eingeworfen und die Reifen zerstochen. Die Autos des Parlamentarischen Gesch\u00e4ftsf\u00fchrers der AfD-Fraktion, Frank-Christian Hansel, und des amtierenden Landesvorsitzenden Nicolaus Fest waren angesteckt worden. Die Polizei pr\u00fcft ein politisches Motiv.<\/p>\n<p>Fraktionschef Pazderski verurteilte den Angriff auf Gl\u00e4sers Wagen. \u201eNachts das Auto einer Familie anzuz\u00fcnden ist einfach nur niedertr\u00e4chtig\u201c, sagte Pazderski. Vor dem Hintergrund der \u201eanhaltenden Duldung linker Gewalt\u201c durch den rot-rot-gr\u00fcnen Senat sei es ein \u201eSkandal\u201c.<\/p><\/blockquote>\n<p><strong>Quelle<\/strong>: Berliner Morgenpost<\/p>\n","protected":false},"excerpt":{"rendered":"<p>Berlin, 13. August 2020 Auf das Auto des Sprechers der Berliner AfD Ronald Gl\u00e4ser ist in der Nacht zu Donnerstag ein Brandanschlag ver\u00fcbt worden. Das best\u00e4tigte Gl\u00e4ser nach einem Eintrag auf der Internetplattform Twitter der Berliner Morgenpost. Dort stellte er auch ein Foto des zerst\u00f6rten Golf ein. Ein weiteres Fahrzeug wurde durch Hitze der Flammen [&hellip;]<\/p>\n","protected":false},"author":12080,"featured_media":0,"comment_status":"closed","ping_status":"closed","sticky":false,"template":"","format":"standard","meta":{"footnotes":""},"categories":[2],"tags":[24],"class_list":["post-12966","post","type-post","status-publish","format-standard","hentry","category-de","tag-berlin"],"_links":{"self":[{"href":"https:\/\/chronik.noblogs.org\/index.php?rest_route=\/wp\/v2\/posts\/12966","targetHints":{"allow":["GET"]}}],"collection":[{"href":"https:\/\/chronik.noblogs.org\/index.php?rest_route=\/wp\/v2\/posts"}],"about":[{"href":"https:\/\/chronik.noblogs.org\/index.php?rest_route=\/wp\/v2\/types\/post"}],"author":[{"embeddable":true,"href":"https:\/\/chronik.noblogs.org\/index.php?rest_route=\/wp\/v2\/users\/12080"}],"replies":[{"embeddable":true,"href":"https:\/\/chronik.noblogs.org\/index.php?rest_route=%2Fwp%2Fv2%2Fcomments&post=12966"}],"version-history":[{"count":0,"href":"https:\/\/chronik.noblogs.org\/index.php?rest_route=\/wp\/v2\/posts\/12966\/revisions"}],"wp:attachment":[{"href":"https:\/\/chronik.noblogs.org\/index.php?rest_route=%2Fwp%2Fv2%2Fmedia&parent=12966"}],"wp:term":[{"taxonomy":"category","embeddable":true,"href":"https:\/\/chronik.noblogs.org\/index.php?rest_route=%2Fwp%2Fv2%2Fcategories&post=12966"},{"taxonomy":"post_tag","embeddable":true,"href":"https:\/\/chronik.noblogs.org\/index.php?rest_route=%2Fwp%2Fv2%2Ftags&post=12966"}],"curies":[{"name":"wp","href":"https:\/\/api.w.org\/{rel}","templated":true}]}}