{"id":12947,"date":"2020-08-10T00:00:24","date_gmt":"2020-08-09T22:00:24","guid":{"rendered":"http:\/\/chronik.blackblogs.org\/?p=12947"},"modified":"2020-08-10T00:00:24","modified_gmt":"2020-08-09T22:00:24","slug":"scheiben-an-spd-buero-kaputt","status":"publish","type":"post","link":"https:\/\/chronik.noblogs.org\/?p=12947","title":{"rendered":"Scheiben an SPD-B\u00fcro kaputt"},"content":{"rendered":"<p><strong><a href=\"https:\/\/chronik.blackblogs.org\/wp-content\/uploads\/sites\/109\/2020\/08\/spd.jpg\"><img loading=\"lazy\" decoding=\"async\" class=\"alignright size-medium wp-image-12948\" src=\"https:\/\/chronik.blackblogs.org\/wp-content\/uploads\/sites\/109\/2020\/08\/spd-300x225.jpg\" alt=\"\" width=\"300\" height=\"225\"><\/a>Berlin<\/strong>, 10. August 2020<\/p>\n<blockquote><p>was spd berlin (in sommerpause) und die bullen heute nicht gemeldet haben sind die kaputten und mit der parole &#8220;jede r\u00e4umung hat ihen preis&#8221; versehenen scheiben des spd b\u00fcros von thomas isenberg in der einkaufspassage am hansaplatz, berlin-tiergarten.<\/p>\n<p>das selbe b\u00fcro wurde 2017 bereits ziel von steinw\u00fcrfen. ( https:\/\/linksunten.indymedia.org\/node\/204956\/ )<\/p>\n<p>die konfliktlinien vor ort sind gleich geblieben.<!--more--> grade erst wurde ein privater sicherheitsdienst f\u00fcr eine patrouille am hansaplatz engagiert, um dort wohnungslose zu vertreiben. den zahlt zu 40% der bezirk. ( https:\/\/www.neues-deutschland.de\/artikel\/1138175.hansaplatz-obdachlose-verboten.html )<\/p>\n<p>r\u00e4umungsstopp sofort!<\/p><\/blockquote>\n<p><strong>Quelle<\/strong>: <a href=\"https:\/\/geistige-gefaehrdungen.net\/node\/1597076009613840\">geistige-gefaehrdungen.net<\/a>, <a href=\"http:\/\/mphvik4btkr2qknt.onion\/node\/1597076009613840\/\">Diymedia<\/a> (Tor)<\/p>\n<p>&nbsp;<\/p>\n<blockquote><p>Unbekannte haben das B\u00fcro des SPD-Abgeordneten Thomas Isenberg angegriffen. Nun ermittelt der Staatsschutz.<\/p>\n<p>Unbekannte haben das Wahlkreisb\u00fcro des gesundheitspolitischen Sprechers der SPD im Berliner Abgeordnetenhaus, Thomas Isenberg, demoliert und mit Graffiti verunstaltet.<\/p>\n<p>&#8220;Jede R\u00e4umung hat ihren Preis&#8221; steht in roter Farbe an den gesplitterten Scheiben, gegen\u00fcber an der Hausfassade am Hansaplatz auch noch &#8220;Ekelhafte Sozialchauvinisten&#8221;, ebenfalls in rot. Au\u00dferdem ist das Antifa-Zeichen zu sehen. Die Polizei best\u00e4tigte den Vorfall auf Anfrage.<\/p>\n<p>Am Montag war der Schaden gegen 7 Uhr morgens von einem Zeugen gemeldet worden. Eine Anzeige liege vor, nun ermittelt der Staatsschutz.<\/p>\n<p>Ob die Zerst\u00f6rung im Zusammenhang mit der R\u00e4umung der Neuk\u00f6llner Kiezkneipe &#8220;Syndikat&#8221; steht, ist unklar.<\/p><\/blockquote>\n<p><strong>Quelle<\/strong>: Tagesspiegel<\/p>\n","protected":false},"excerpt":{"rendered":"<p>Berlin, 10. August 2020 was spd berlin (in sommerpause) und die bullen heute nicht gemeldet haben sind die kaputten und mit der parole &#8220;jede r\u00e4umung hat ihen preis&#8221; versehenen scheiben des spd b\u00fcros von thomas isenberg in der einkaufspassage am hansaplatz, berlin-tiergarten. das selbe b\u00fcro wurde 2017 bereits ziel von steinw\u00fcrfen. ( https:\/\/linksunten.indymedia.org\/node\/204956\/ ) die [&hellip;]<\/p>\n","protected":false},"author":12080,"featured_media":0,"comment_status":"closed","ping_status":"closed","sticky":false,"template":"","format":"standard","meta":{"footnotes":""},"categories":[2],"tags":[24],"class_list":["post-12947","post","type-post","status-publish","format-standard","hentry","category-de","tag-berlin"],"_links":{"self":[{"href":"https:\/\/chronik.noblogs.org\/index.php?rest_route=\/wp\/v2\/posts\/12947","targetHints":{"allow":["GET"]}}],"collection":[{"href":"https:\/\/chronik.noblogs.org\/index.php?rest_route=\/wp\/v2\/posts"}],"about":[{"href":"https:\/\/chronik.noblogs.org\/index.php?rest_route=\/wp\/v2\/types\/post"}],"author":[{"embeddable":true,"href":"https:\/\/chronik.noblogs.org\/index.php?rest_route=\/wp\/v2\/users\/12080"}],"replies":[{"embeddable":true,"href":"https:\/\/chronik.noblogs.org\/index.php?rest_route=%2Fwp%2Fv2%2Fcomments&post=12947"}],"version-history":[{"count":0,"href":"https:\/\/chronik.noblogs.org\/index.php?rest_route=\/wp\/v2\/posts\/12947\/revisions"}],"wp:attachment":[{"href":"https:\/\/chronik.noblogs.org\/index.php?rest_route=%2Fwp%2Fv2%2Fmedia&parent=12947"}],"wp:term":[{"taxonomy":"category","embeddable":true,"href":"https:\/\/chronik.noblogs.org\/index.php?rest_route=%2Fwp%2Fv2%2Fcategories&post=12947"},{"taxonomy":"post_tag","embeddable":true,"href":"https:\/\/chronik.noblogs.org\/index.php?rest_route=%2Fwp%2Fv2%2Ftags&post=12947"}],"curies":[{"name":"wp","href":"https:\/\/api.w.org\/{rel}","templated":true}]}}