{"id":12915,"date":"2020-08-09T00:00:34","date_gmt":"2020-08-08T22:00:34","guid":{"rendered":"http:\/\/chronik.blackblogs.org\/?p=12915"},"modified":"2020-08-09T00:00:34","modified_gmt":"2020-08-08T22:00:34","slug":"vonovia-autos-beschaedigt-2","status":"publish","type":"post","link":"https:\/\/chronik.noblogs.org\/?p=12915","title":{"rendered":"Vonovia Autos besch\u00e4digt"},"content":{"rendered":"<p><strong>Berlin<\/strong>, 6.+9. August 2020<\/p>\n<blockquote><p>Mit einem zerst\u00f6rten Auto von Vonovia in der Erich-Boltze-Stra\u00dfe gehen die Aktionen gegen den Immobilienkonzern weiter. Kaputte Scheiben und herumliegende Steine zeugen am Sonntagmorgen von der Attacke. Eine von vielen rund um die R\u00e4umung des Syndikat.<\/p><\/blockquote>\n<p><strong>Quelle<\/strong>: <a href=\"https:\/\/geistige-gefaehrdungen.net\/node\/1596981672631209\">geistige-gefaehrdungen.net<\/a>, <a href=\"http:\/\/raxuatgmxdvnp4no.onion\/node\/1596981672631209\/\">ompf<\/a> (Tor)<\/p>\n<p><!--more--><\/p>\n<blockquote><p>Wir sind als kleine Gruppe letzte Nacht losgezogen, um an drei Orten Vonovia-Autos fahruntauglich zu machen. Mit Steinen haben wir f\u00fcr den Werkstattbesuch gesorgt.<\/p>\n<p>Das ist eine Reaktion auf den seit gestern laufenden R\u00e4umungseinsatz des Syndikat. SPD, LINKE, GR\u00dcNE und ihre Schergen haben sich dazu entschlossen, f\u00fcr die morgen angesetzte R\u00e4umung schon zwei Tage vorher das umliegende Wohngebiet zu besetzen, um Protest zu unterdr\u00fccken. Die Versammlungsbeh\u00f6rde, die Wochenlang einfach nicht auf die Anmeldung der Langen Nacht der Weisestra\u00dfe reagiert hat, hat dieses nun in Koordination mit den Einsatzplanern verboten. Diese miese Masche zeigt, es ist definitiv an der Zeit vom Protest zum Widerstand \u00fcberzugehen.<\/p>\n<p>Gegen gro\u00dfe Immobilienkonzerne wie Vonovia gibt es eine lange militante Praxis. Mit unserem Steinschlag sabotieren wir deren Betriebsabl\u00e4ufe und entwickeln unsere F\u00e4higkeiten zur Konspiration, die in Tagen wie diesen einfach mit dazugeh\u00f6ren.<\/p>\n<p>Syndikat verteidigen!<br \/>\nHoch die interkiezionale Solidarit\u00e4t!<\/p><\/blockquote>\n<p><strong>Quelle<\/strong>: <a href=\"https:\/\/geistige-gefaehrdungen.net\/node\/1596719684907464\">geistige-gefaehrdungen.net<\/a>, <a href=\"http:\/\/raxuatgmxdvnp4no.onion\/node\/1596719684907464\/\">ompf<\/a> (Tor)<\/p>\n","protected":false},"excerpt":{"rendered":"<p>Berlin, 6.+9. August 2020 Mit einem zerst\u00f6rten Auto von Vonovia in der Erich-Boltze-Stra\u00dfe gehen die Aktionen gegen den Immobilienkonzern weiter. Kaputte Scheiben und herumliegende Steine zeugen am Sonntagmorgen von der Attacke. Eine von vielen rund um die R\u00e4umung des Syndikat. Quelle: geistige-gefaehrdungen.net, ompf (Tor)<\/p>\n","protected":false},"author":12080,"featured_media":0,"comment_status":"closed","ping_status":"closed","sticky":false,"template":"","format":"standard","meta":{"footnotes":""},"categories":[2],"tags":[24],"class_list":["post-12915","post","type-post","status-publish","format-standard","hentry","category-de","tag-berlin"],"_links":{"self":[{"href":"https:\/\/chronik.noblogs.org\/index.php?rest_route=\/wp\/v2\/posts\/12915","targetHints":{"allow":["GET"]}}],"collection":[{"href":"https:\/\/chronik.noblogs.org\/index.php?rest_route=\/wp\/v2\/posts"}],"about":[{"href":"https:\/\/chronik.noblogs.org\/index.php?rest_route=\/wp\/v2\/types\/post"}],"author":[{"embeddable":true,"href":"https:\/\/chronik.noblogs.org\/index.php?rest_route=\/wp\/v2\/users\/12080"}],"replies":[{"embeddable":true,"href":"https:\/\/chronik.noblogs.org\/index.php?rest_route=%2Fwp%2Fv2%2Fcomments&post=12915"}],"version-history":[{"count":0,"href":"https:\/\/chronik.noblogs.org\/index.php?rest_route=\/wp\/v2\/posts\/12915\/revisions"}],"wp:attachment":[{"href":"https:\/\/chronik.noblogs.org\/index.php?rest_route=%2Fwp%2Fv2%2Fmedia&parent=12915"}],"wp:term":[{"taxonomy":"category","embeddable":true,"href":"https:\/\/chronik.noblogs.org\/index.php?rest_route=%2Fwp%2Fv2%2Fcategories&post=12915"},{"taxonomy":"post_tag","embeddable":true,"href":"https:\/\/chronik.noblogs.org\/index.php?rest_route=%2Fwp%2Fv2%2Ftags&post=12915"}],"curies":[{"name":"wp","href":"https:\/\/api.w.org\/{rel}","templated":true}]}}