{"id":12809,"date":"2020-07-17T00:00:45","date_gmt":"2020-07-16T22:00:45","guid":{"rendered":"http:\/\/chronik.blackblogs.org\/?p=12809"},"modified":"2020-07-17T00:00:45","modified_gmt":"2020-07-16T22:00:45","slug":"bitumen-glaeser-gegen-polizeiposten","status":"publish","type":"post","link":"https:\/\/chronik.noblogs.org\/?p=12809","title":{"rendered":"Bitumen-Gl\u00e4ser gegen Polizeiposten"},"content":{"rendered":"<p><strong><a href=\"https:\/\/chronik.blackblogs.org\/wp-content\/uploads\/sites\/109\/2020\/07\/lei.jpg\"><img loading=\"lazy\" decoding=\"async\" class=\"alignright size-medium wp-image-12810\" src=\"https:\/\/chronik.blackblogs.org\/wp-content\/uploads\/sites\/109\/2020\/07\/lei-300x200.jpg\" alt=\"\" width=\"300\" height=\"200\"><\/a>Leipzig<\/strong>, 17. Juli 2020<\/p>\n<blockquote><p>Wir bekennen uns, vergangenen Freitag, den 17.07.2020, um kurz nach 23 Uhr den Au\u00dfenposten der Bullen in Leipzig-Connewitz angegriffen zu haben. Mit einigen H\u00e4nden voller mit Bitumen gef\u00fcllter Gl\u00e4ser verpassten wir dem Geb\u00e4ude, das zu dem Zeitpunkt mit ein paar Bullen besetzt war, einen neuen Anstrich.<\/p>\n<p>Die Aktion stellt eine direkte Antwort auf die Hausdurchsuchungen vor gut einem Monat dar. Jeder Angriff der Bullen auf unsere Strukturen erfordert Reaktionen von unserer Seite auf mehreren Ebenen. Angriffe auf polizeiliche Infrastruktur und die Verteidigung gegen eine Belagerung des Viertels durch die Bullen sind Teil dieser Reaktionen.<!--more--> Wir wissen, dass ein symbolischer Angriff auf eine Bullenwache keine ausreichende Antwort darauf darstellt, wollen uns jedoch auf diese Weise mit allen von Repression Betroffenen solidarisieren.<\/p>\n<p>Wie der Leipziger Polizeipr\u00e4sident Torsten Schultze v\u00f6llig korrekt in seiner Pressemitteilung \u00e4u\u00dferte, lehnen wir einen &#8220;friedlichen Dialog&#8221; mit den Bullen ab. Es gibt auch nichts, wor\u00fcber wir uns mit Leuten unterhalten wollen, die morgens mit Sturmgewehren in unser Viertel eindringen und versuchen antifaschistische Arbeit zu unterbinden.<\/p>\n<p>Wir gr\u00fc\u00dfen Jo in Stuttgart-Stammheim, die 3 von der Parkbank, Loic, der u.a. f\u00fcr die Proteste gegen den G20-Gipfel verurteilt wurde, und Kevin, der Silvester am Kreuz festgenommen und mittlerweile verurteilt wurde, und alle anderen von Repression Betroffenen. Bleibt stark, eines Tages sehen wir uns wieder auf der Stra\u00dfe!<\/p>\n<p>Von Connewitz zum Dorfplatz: Autonome und antifaschistische Politik verteidigen!<\/p>\n<p>ps: Es freute uns sehr heute mit der Nachricht aufzuwachen, dass anscheinend am Samstag Abend erneut ein paar Menschen die Gelegenheit nutzten und Steine gegen die Wache warfen!<\/p><\/blockquote>\n<p><strong>Quelle<\/strong>: <a href=\"http:\/\/zf2r4nfwx66apco4.onion\/node\/159515639571021\">DIYM-leftspace<\/a> (Tor), <a href=\"http:\/\/mphvik4btkr2qknt.onion\/node\/159515639571021\/\">Spiegelung<\/a> (Tor)<\/p>\n","protected":false},"excerpt":{"rendered":"<p>Leipzig, 17. Juli 2020 Wir bekennen uns, vergangenen Freitag, den 17.07.2020, um kurz nach 23 Uhr den Au\u00dfenposten der Bullen in Leipzig-Connewitz angegriffen zu haben. Mit einigen H\u00e4nden voller mit Bitumen gef\u00fcllter Gl\u00e4ser verpassten wir dem Geb\u00e4ude, das zu dem Zeitpunkt mit ein paar Bullen besetzt war, einen neuen Anstrich. Die Aktion stellt eine direkte [&hellip;]<\/p>\n","protected":false},"author":12080,"featured_media":0,"comment_status":"closed","ping_status":"closed","sticky":false,"template":"","format":"standard","meta":{"footnotes":""},"categories":[2],"tags":[124],"class_list":["post-12809","post","type-post","status-publish","format-standard","hentry","category-de","tag-leipzig"],"_links":{"self":[{"href":"https:\/\/chronik.noblogs.org\/index.php?rest_route=\/wp\/v2\/posts\/12809","targetHints":{"allow":["GET"]}}],"collection":[{"href":"https:\/\/chronik.noblogs.org\/index.php?rest_route=\/wp\/v2\/posts"}],"about":[{"href":"https:\/\/chronik.noblogs.org\/index.php?rest_route=\/wp\/v2\/types\/post"}],"author":[{"embeddable":true,"href":"https:\/\/chronik.noblogs.org\/index.php?rest_route=\/wp\/v2\/users\/12080"}],"replies":[{"embeddable":true,"href":"https:\/\/chronik.noblogs.org\/index.php?rest_route=%2Fwp%2Fv2%2Fcomments&post=12809"}],"version-history":[{"count":0,"href":"https:\/\/chronik.noblogs.org\/index.php?rest_route=\/wp\/v2\/posts\/12809\/revisions"}],"wp:attachment":[{"href":"https:\/\/chronik.noblogs.org\/index.php?rest_route=%2Fwp%2Fv2%2Fmedia&parent=12809"}],"wp:term":[{"taxonomy":"category","embeddable":true,"href":"https:\/\/chronik.noblogs.org\/index.php?rest_route=%2Fwp%2Fv2%2Fcategories&post=12809"},{"taxonomy":"post_tag","embeddable":true,"href":"https:\/\/chronik.noblogs.org\/index.php?rest_route=%2Fwp%2Fv2%2Ftags&post=12809"}],"curies":[{"name":"wp","href":"https:\/\/api.w.org\/{rel}","templated":true}]}}