{"id":12788,"date":"2020-06-11T00:00:05","date_gmt":"2020-06-10T22:00:05","guid":{"rendered":"http:\/\/chronik.blackblogs.org\/?p=12788"},"modified":"2020-06-11T00:00:05","modified_gmt":"2020-06-10T22:00:05","slug":"sabotage-dune-voiture-de-bosch","status":"publish","type":"post","link":"https:\/\/chronik.noblogs.org\/?p=12788","title":{"rendered":"Sabotage d\u2019une voiture de Bosch"},"content":{"rendered":"<p><strong>Wuppertal<\/strong>, 11 juin 2020<\/p>\n<blockquote><p>A l\u2019aube du 12 juin, nous avons crev\u00e9 les 4 pneus d\u2019un v\u00e9hicule de l\u2019entreprise Bosch et d\u00e9gueulass\u00e9 la carrosserie blanche avec de la peinture noire.<\/p>\n<p>Nous n\u2019avons pas choisi Bosch au hasard. Cette ann\u00e9e, l\u2019entreprise avait un stand au congr\u00e8s europ\u00e9en de la police [\u00e0 Berlin] et fait aussi office d\u2019entreprise de s\u00e9curit\u00e9 partout dans le monde. A Londres par exemple, l\u2019entreprise exploite des cam\u00e9ras \u00e0 reconnaissance faciale pour surveiller les gens dans la gare de \u00ab London Bridge \u00bb. Mais aussi au Vietnam, o\u00f9 Bosch offre ses services de protection 24h\/24<!--more--> au consulat g\u00e9n\u00e9ral, \u00ab la Maison Allemande \u00bb, avec un syst\u00e8me d\u2019analyse vid\u00e9o. Le plus grand a\u00e9roport de Chine, les rues de l\u2019Ohio, les parcs de Mantoue en Italie ou le port Praski \u00e0 Varsovie\u2026 Bosch est partout pr\u00e9sente avec ses cam\u00e9ras et en est fi\u00e8re (boschsecurity.com). Nous n\u2019avons aucune envie d\u2019\u00eatre surveill\u00e9.e.s partout dans le monde. De toute fa\u00e7on, elles ne servent qu\u2019\u00e0 satisfaire les dominants et \u00e0 les prot\u00e9ger. Ici aussi, l\u2019augmentation de la surveillance jusqu\u2019aux smart cities est non seulement une intrusion r\u00e9pugnante dans nos vies priv\u00e9es mais aussi une part importante de la gentrification croissante. Celles et ceux qui g\u00eanent ou ne s\u2019adaptent pas aux normes peuvent \u00eatre tri\u00e9.e.s plus facilement. Pour le pouvoir, il suffit alors d\u2019envoyer les laquais en uniforme qui s\u2019ex\u00e9cutent aveugl\u00e9ment.<\/p>\n<p>Ce fut le cas r\u00e9cemment dans le quartier Connewitz \u00e0 Leipzig. M\u00eame si ce n\u2019est qu\u2019une goutte d\u2019eau dans l\u2019oc\u00e9an. En solidarit\u00e9 avec vous, nous avons quitt\u00e9 notre domicile \u00e0 l\u2019aube afin d\u2019exprimer notre consternation. Personne ne veut de ces enfoir\u00e9s de flics dans leurs espaces. En fait, personne n\u2019a pu voir de flics dehors, ni dans les rues, ni dans les parcs ou en ville. Aux keufs qui lisent en ce moment ce texte et surtout \u00e0 ceux de la s\u00fbret\u00e9 de l\u2019\u00c9tat de Wuppertal qui lisent en s\u00e9curit\u00e9 ceci, faites simplement comme les porcs de Seattle et allez vous faire foutre !<\/p>\n<p>\u201eBullen, L\u00fcgner, Schweine, M\u00f6rder!\u201c*<\/p>\n<p>D\u00e9montons les entreprises de s\u00e9curit\u00e9 !<\/p>\n<p>NdT :<br \/>\n* Qui veut dire \u00ab Flics, mythos, porcs, assassins ! \u00bb Certainement en r\u00e9f\u00e9rence \u00e0 un titre pr\u00e9cis (que l\u2019on ignore) parmi le vaste r\u00e9pertoire musical germanophone.<\/p>\n<p>[Traduit de l\u2019allemand d\u2019indymedia, 12.06.2020]<\/p><\/blockquote>\n<p><strong>Source<\/strong>: <a href=\"https:\/\/chronik.blackblogs.org\/?p=12548\">Indymedia<\/a> (Tor), trad. <a href=\"https:\/\/sansattendre.noblogs.org\/archives\/13996\">sansattendre.noblogs.org<\/a><\/p>\n","protected":false},"excerpt":{"rendered":"<p>Wuppertal, 11 juin 2020 A l\u2019aube du 12 juin, nous avons crev\u00e9 les 4 pneus d\u2019un v\u00e9hicule de l\u2019entreprise Bosch et d\u00e9gueulass\u00e9 la carrosserie blanche avec de la peinture noire. Nous n\u2019avons pas choisi Bosch au hasard. Cette ann\u00e9e, l\u2019entreprise avait un stand au congr\u00e8s europ\u00e9en de la police [\u00e0 Berlin] et fait aussi office [&hellip;]<\/p>\n","protected":false},"author":12080,"featured_media":0,"comment_status":"closed","ping_status":"closed","sticky":false,"template":"","format":"standard","meta":{"footnotes":""},"categories":[5],"tags":[221],"class_list":["post-12788","post","type-post","status-publish","format-standard","hentry","category-fr","tag-wuppertal"],"_links":{"self":[{"href":"https:\/\/chronik.noblogs.org\/index.php?rest_route=\/wp\/v2\/posts\/12788","targetHints":{"allow":["GET"]}}],"collection":[{"href":"https:\/\/chronik.noblogs.org\/index.php?rest_route=\/wp\/v2\/posts"}],"about":[{"href":"https:\/\/chronik.noblogs.org\/index.php?rest_route=\/wp\/v2\/types\/post"}],"author":[{"embeddable":true,"href":"https:\/\/chronik.noblogs.org\/index.php?rest_route=\/wp\/v2\/users\/12080"}],"replies":[{"embeddable":true,"href":"https:\/\/chronik.noblogs.org\/index.php?rest_route=%2Fwp%2Fv2%2Fcomments&post=12788"}],"version-history":[{"count":0,"href":"https:\/\/chronik.noblogs.org\/index.php?rest_route=\/wp\/v2\/posts\/12788\/revisions"}],"wp:attachment":[{"href":"https:\/\/chronik.noblogs.org\/index.php?rest_route=%2Fwp%2Fv2%2Fmedia&parent=12788"}],"wp:term":[{"taxonomy":"category","embeddable":true,"href":"https:\/\/chronik.noblogs.org\/index.php?rest_route=%2Fwp%2Fv2%2Fcategories&post=12788"},{"taxonomy":"post_tag","embeddable":true,"href":"https:\/\/chronik.noblogs.org\/index.php?rest_route=%2Fwp%2Fv2%2Ftags&post=12788"}],"curies":[{"name":"wp","href":"https:\/\/api.w.org\/{rel}","templated":true}]}}