{"id":1276,"date":"2015-09-26T00:05:10","date_gmt":"2015-09-25T22:05:10","guid":{"rendered":"http:\/\/chronik.blackblogs.org\/?p=1276"},"modified":"2015-09-26T00:05:10","modified_gmt":"2015-09-25T22:05:10","slug":"emeute-contre-les-nationalistes-et-les-flics-qui-les-protegent","status":"publish","type":"post","link":"https:\/\/chronik.noblogs.org\/?p=1276","title":{"rendered":"Emeute contre les nationalistes et les flics qui les prot\u00e8gent"},"content":{"rendered":"<p><strong><a href=\"https:\/\/chronik.blackblogs.org\/wp-content\/uploads\/sites\/109\/2015\/10\/154196.jpg\"><img loading=\"lazy\" decoding=\"async\" class=\"alignright size-medium wp-image-1278\" src=\"https:\/\/chronik.blackblogs.org\/wp-content\/uploads\/sites\/109\/2015\/10\/154196-300x200.jpg\" alt=\"154196\" width=\"300\" height=\"200\" srcset=\"https:\/\/chronik.noblogs.org\/files\/2015\/10\/154196-300x200.jpg 300w, https:\/\/chronik.noblogs.org\/files\/2015\/10\/154196-768x512.jpg 768w, https:\/\/chronik.noblogs.org\/files\/2015\/10\/154196.jpg 800w\" sizes=\"auto, (max-width: 300px) 100vw, 300px\" \/><\/a>Leipzig<\/strong>, 26 septembre 2015<\/p>\n<blockquote><p>Samedi 26 septembre, pr\u00e8s de 1000 personnes sot descendues dans la rue pour contrer la tenue d\u2019une marche nationaliste appel\u00e9e \u201cOffensive f\u00fcr Deutschland\u201d. Parmi les contre-manifestant-es, beaucoup \u00e9taient d\u00e9termin\u00e9-es \u00e0 ne pas rester sans rien faire face \u00e0 la r\u00e9pression, enti\u00e8rement masqu\u00e9-es et \u00e9quip\u00e9-es pour s\u2019opposer physiquement aux d\u00e9chets nationalistes et aux agressions polici\u00e8res. De nombreux p\u00e9tards et pierres leur ont \u00e9t\u00e9 jet\u00e9s et les flics en ont \u00e9videmment r\u00e9colt\u00e9s. L\u2019organisation de la contre-manif se voulait tr\u00e8s large, rassemblant des pacifistes, des religieux jusqu\u2019aux anarchistes.<br \/>\n<!--more--><br \/>\nC\u2019est donc pas \u00e9tonnant que l\u2019ancien pasteur de l\u2019\u00e9glise St-Thomas, Christian Wolff, soit pr\u00e9sent. Il a d\u00e9clar\u00e9 \u00e0 la presse avoir \u00e9t\u00e9 t\u00e9moin d\u2019une attaque d\u2019une voiture de police \u00e0 coups de pierres par des individus cagoul\u00e9s: en tant que repr\u00e9sentant religieux, il s\u2019est empress\u00e9 de condamner le plus fermement possible cet acte visant \u00e0 rompre avec la paix sociale. Par ailleurs, un bureau de la police a aussi \u00e9t\u00e9 attaqu\u00e9 avec des pierres. 800 flics \u00e9taient tout de m\u00eame mobilis\u00e9s pour garantir la tenue de cette marche nationaliste.<\/p><\/blockquote>\n<p><strong>Source<\/strong>: <a href=\"https:\/\/lechatnoiremeutier.noblogs.org\/post\/2015\/09\/30\/allemagne-offensifs-contre-les-fachos-et-ce-qui-les-font-exister\/\">lechatnoiremeutier.noblogs.org<\/a><\/p>\n","protected":false},"excerpt":{"rendered":"<p>Leipzig, 26 septembre 2015 Samedi 26 septembre, pr\u00e8s de 1000 personnes sot descendues dans la rue pour contrer la tenue d\u2019une marche nationaliste appel\u00e9e \u201cOffensive f\u00fcr Deutschland\u201d. Parmi les contre-manifestant-es, beaucoup \u00e9taient d\u00e9termin\u00e9-es \u00e0 ne pas rester sans rien faire face \u00e0 la r\u00e9pression, enti\u00e8rement masqu\u00e9-es et \u00e9quip\u00e9-es pour s\u2019opposer physiquement aux d\u00e9chets nationalistes et [&hellip;]<\/p>\n","protected":false},"author":12080,"featured_media":0,"comment_status":"closed","ping_status":"closed","sticky":false,"template":"","format":"standard","meta":{"footnotes":""},"categories":[5],"tags":[124],"class_list":["post-1276","post","type-post","status-publish","format-standard","hentry","category-fr","tag-leipzig"],"_links":{"self":[{"href":"https:\/\/chronik.noblogs.org\/index.php?rest_route=\/wp\/v2\/posts\/1276","targetHints":{"allow":["GET"]}}],"collection":[{"href":"https:\/\/chronik.noblogs.org\/index.php?rest_route=\/wp\/v2\/posts"}],"about":[{"href":"https:\/\/chronik.noblogs.org\/index.php?rest_route=\/wp\/v2\/types\/post"}],"author":[{"embeddable":true,"href":"https:\/\/chronik.noblogs.org\/index.php?rest_route=\/wp\/v2\/users\/12080"}],"replies":[{"embeddable":true,"href":"https:\/\/chronik.noblogs.org\/index.php?rest_route=%2Fwp%2Fv2%2Fcomments&post=1276"}],"version-history":[{"count":0,"href":"https:\/\/chronik.noblogs.org\/index.php?rest_route=\/wp\/v2\/posts\/1276\/revisions"}],"wp:attachment":[{"href":"https:\/\/chronik.noblogs.org\/index.php?rest_route=%2Fwp%2Fv2%2Fmedia&parent=1276"}],"wp:term":[{"taxonomy":"category","embeddable":true,"href":"https:\/\/chronik.noblogs.org\/index.php?rest_route=%2Fwp%2Fv2%2Fcategories&post=1276"},{"taxonomy":"post_tag","embeddable":true,"href":"https:\/\/chronik.noblogs.org\/index.php?rest_route=%2Fwp%2Fv2%2Ftags&post=1276"}],"curies":[{"name":"wp","href":"https:\/\/api.w.org\/{rel}","templated":true}]}}