{"id":1274,"date":"2015-09-23T00:08:37","date_gmt":"2015-09-22T22:08:37","guid":{"rendered":"http:\/\/chronik.blackblogs.org\/?p=1274"},"modified":"2015-09-23T00:08:37","modified_gmt":"2015-09-22T22:08:37","slug":"le-repaire-de-fascistes-attaque-a-coups-de-pierres","status":"publish","type":"post","link":"https:\/\/chronik.noblogs.org\/?p=1274","title":{"rendered":"Le repaire de fascistes attaqu\u00e9 \u00e0 coups de pierres"},"content":{"rendered":"<p><strong><a href=\"https:\/\/chronik.blackblogs.org\/wp-content\/uploads\/sites\/109\/2015\/09\/154100.jpg\"><img loading=\"lazy\" decoding=\"async\" class=\"alignright wp-image-1253\" src=\"https:\/\/chronik.blackblogs.org\/wp-content\/uploads\/sites\/109\/2015\/09\/154100-300x225.jpg\" alt=\"154100\" width=\"275\" height=\"206\" srcset=\"https:\/\/chronik.noblogs.org\/files\/2015\/09\/154100-300x225.jpg 300w, https:\/\/chronik.noblogs.org\/files\/2015\/09\/154100-768x576.jpg 768w, https:\/\/chronik.noblogs.org\/files\/2015\/09\/154100.jpg 950w\" sizes=\"auto, (max-width: 275px) 100vw, 275px\" \/><\/a>Freital<\/strong>, 23 septembre 2015<\/p>\n<blockquote><p>Dans la nuit de mardi \u00e0 mercredi 24 septembre \u00e0 Freital, le lounge bar \u2018Timba Bar\u2019 de la Dresdner Stra\u00dfe \u00e0 Potschappel s\u2019est fait exploser une partie de sa fa\u00e7ade vitr\u00e9e, et pour cause: le patron, Dirk J\u00e4hrling, est un n\u00e9onazi bien connu pour organiser depuis plusieurs semaines des marches racistes \u00e0 Freital. C\u2019est plus globalement un point de rendez-vous du milieu n\u00e9onazi qui m\u00e8nent en ce moment des attaques contre les migrants et particuli\u00e8rement contre l\u2019installation d\u2019un \u201ccentre d\u2019acueil\u2019. Il y a quelques jours, ce centre d\u2019h\u00e9bergement a \u00e9t\u00e9 attaqu\u00e9 par des fascistes.<br \/>\n<!--more--><br \/>\nLe patron du \u2018Timba Bar\u2019 en a pour au moins 12.000 euros de r\u00e9parations.<\/p><\/blockquote>\n<p><strong>Source<\/strong>: <a href=\"https:\/\/lechatnoiremeutier.noblogs.org\/post\/2015\/09\/30\/allemagne-offensifs-contre-les-fachos-et-ce-qui-les-font-exister\/\">lechatnoiremeutier.noblogs.org<\/a><\/p>\n","protected":false},"excerpt":{"rendered":"<p>Freital, 23 septembre 2015 Dans la nuit de mardi \u00e0 mercredi 24 septembre \u00e0 Freital, le lounge bar \u2018Timba Bar\u2019 de la Dresdner Stra\u00dfe \u00e0 Potschappel s\u2019est fait exploser une partie de sa fa\u00e7ade vitr\u00e9e, et pour cause: le patron, Dirk J\u00e4hrling, est un n\u00e9onazi bien connu pour organiser depuis plusieurs semaines des marches racistes [&hellip;]<\/p>\n","protected":false},"author":12080,"featured_media":0,"comment_status":"closed","ping_status":"closed","sticky":false,"template":"","format":"standard","meta":{"footnotes":""},"categories":[5],"tags":[70],"class_list":["post-1274","post","type-post","status-publish","format-standard","hentry","category-fr","tag-freital"],"_links":{"self":[{"href":"https:\/\/chronik.noblogs.org\/index.php?rest_route=\/wp\/v2\/posts\/1274","targetHints":{"allow":["GET"]}}],"collection":[{"href":"https:\/\/chronik.noblogs.org\/index.php?rest_route=\/wp\/v2\/posts"}],"about":[{"href":"https:\/\/chronik.noblogs.org\/index.php?rest_route=\/wp\/v2\/types\/post"}],"author":[{"embeddable":true,"href":"https:\/\/chronik.noblogs.org\/index.php?rest_route=\/wp\/v2\/users\/12080"}],"replies":[{"embeddable":true,"href":"https:\/\/chronik.noblogs.org\/index.php?rest_route=%2Fwp%2Fv2%2Fcomments&post=1274"}],"version-history":[{"count":0,"href":"https:\/\/chronik.noblogs.org\/index.php?rest_route=\/wp\/v2\/posts\/1274\/revisions"}],"wp:attachment":[{"href":"https:\/\/chronik.noblogs.org\/index.php?rest_route=%2Fwp%2Fv2%2Fmedia&parent=1274"}],"wp:term":[{"taxonomy":"category","embeddable":true,"href":"https:\/\/chronik.noblogs.org\/index.php?rest_route=%2Fwp%2Fv2%2Fcategories&post=1274"},{"taxonomy":"post_tag","embeddable":true,"href":"https:\/\/chronik.noblogs.org\/index.php?rest_route=%2Fwp%2Fv2%2Ftags&post=1274"}],"curies":[{"name":"wp","href":"https:\/\/api.w.org\/{rel}","templated":true}]}}