{"id":12697,"date":"2020-07-08T00:00:11","date_gmt":"2020-07-07T22:00:11","guid":{"rendered":"http:\/\/chronik.blackblogs.org\/?p=12697"},"modified":"2020-07-08T00:00:11","modified_gmt":"2020-07-07T22:00:11","slug":"loch-im-zaun","status":"publish","type":"post","link":"https:\/\/chronik.noblogs.org\/?p=12697","title":{"rendered":"Loch im Zaun"},"content":{"rendered":"<p><strong>G\u00f6ttingen<\/strong>, 8. Juli 2020<\/p>\n<blockquote><p>Stadt f\u00fcr alle!<br \/>\nIn der Nacht vom 07. Juli auf den 08. Juli haben wir in einer symbolischen und praktischen Aktion einen Teil des von der Stadt G\u00f6ttingen erbauten Zaunes gegen\u00fcber des Carrees, aufgebrochen. Dort waren in den vergangenen Wochen wohnungslose Menschen untergekommen und hatten sich notd\u00fcrftig ein Dach \u00fcber dem Kopf f\u00fcr die kalten N\u00e4chte eingerichtet. Das ist in G\u00f6ttingen scheinbar unerw\u00fcnscht, weshalb die Sachen der Leute abtransportiert wurden und ein gro\u00dfer Zaun verhindern soll, dass dieser Platz erneut genutzt wird.<br \/>\n<!--more--><br \/>\nWir haben in das Gitter des Zaunes und der sozialen K\u00e4lte ein Loch geschnitten und laden alle ein, es uns nachzumachen. Wenn ihr Z\u00e4une errichtet, rei\u00dfen wir sie wieder ein. Wir wissen, dass wir nicht verhindern k\u00f6nnen, dass ihr die Leute, die euch in eurem sorgenfreien Alltag st\u00f6ren, verdr\u00e4ngt und verjagt. Aber wir versprechen euch, wir werden das nicht einfach hinnehmen.<\/p>\n<p>Der Zaun reiht sich ein in das desas\u00e4str\u00f6se und menschenverachtende Verhalten der Stadt in den letzten Monaten. Egal ob Iduna-Zentrum, Groner 9A-C oder jetzt der Zaun am Carree: wer in G\u00f6ttingen in Armut lebt, auf Hilfe des Staates angewiesen ist oder irgendwie nicht zu den Gewinnern in der Uni-Stadt geh\u00f6rt, der gilt hier scheinbar als Mensch zweiter Klasse. Sie werden entrechtet, eingesperrt und weggescheucht. In der Krise zeigt sich die empathielose Fratze der politischen Vernatwortlichen.<\/p>\n<p>Die Stadt geh\u00f6rt allen \u2013 Z\u00e4une weg, Grenzen auf!<\/p>\n<p>Shut down Capitalism \u2013 Stadt f\u00fcr Alle!<\/p><\/blockquote>\n<p><strong>Quelle<\/strong>: <a href=\"http:\/\/4sy6ebszykvcv2n6.onion\/node\/94602\">Indymedia<\/a> (Tor), <a href=\"http:\/\/mphvik4btkr2qknt.onion\/node\/159415920094602\/\">Spiegelung<\/a> (Tor)<\/p>\n","protected":false},"excerpt":{"rendered":"<p>G\u00f6ttingen, 8. Juli 2020 Stadt f\u00fcr alle! In der Nacht vom 07. Juli auf den 08. Juli haben wir in einer symbolischen und praktischen Aktion einen Teil des von der Stadt G\u00f6ttingen erbauten Zaunes gegen\u00fcber des Carrees, aufgebrochen. Dort waren in den vergangenen Wochen wohnungslose Menschen untergekommen und hatten sich notd\u00fcrftig ein Dach \u00fcber dem [&hellip;]<\/p>\n","protected":false},"author":12080,"featured_media":0,"comment_status":"closed","ping_status":"closed","sticky":false,"template":"","format":"standard","meta":{"footnotes":""},"categories":[2],"tags":[74],"class_list":["post-12697","post","type-post","status-publish","format-standard","hentry","category-de","tag-goettingen"],"_links":{"self":[{"href":"https:\/\/chronik.noblogs.org\/index.php?rest_route=\/wp\/v2\/posts\/12697","targetHints":{"allow":["GET"]}}],"collection":[{"href":"https:\/\/chronik.noblogs.org\/index.php?rest_route=\/wp\/v2\/posts"}],"about":[{"href":"https:\/\/chronik.noblogs.org\/index.php?rest_route=\/wp\/v2\/types\/post"}],"author":[{"embeddable":true,"href":"https:\/\/chronik.noblogs.org\/index.php?rest_route=\/wp\/v2\/users\/12080"}],"replies":[{"embeddable":true,"href":"https:\/\/chronik.noblogs.org\/index.php?rest_route=%2Fwp%2Fv2%2Fcomments&post=12697"}],"version-history":[{"count":0,"href":"https:\/\/chronik.noblogs.org\/index.php?rest_route=\/wp\/v2\/posts\/12697\/revisions"}],"wp:attachment":[{"href":"https:\/\/chronik.noblogs.org\/index.php?rest_route=%2Fwp%2Fv2%2Fmedia&parent=12697"}],"wp:term":[{"taxonomy":"category","embeddable":true,"href":"https:\/\/chronik.noblogs.org\/index.php?rest_route=%2Fwp%2Fv2%2Fcategories&post=12697"},{"taxonomy":"post_tag","embeddable":true,"href":"https:\/\/chronik.noblogs.org\/index.php?rest_route=%2Fwp%2Fv2%2Ftags&post=12697"}],"curies":[{"name":"wp","href":"https:\/\/api.w.org\/{rel}","templated":true}]}}