{"id":12689,"date":"2020-07-11T00:00:24","date_gmt":"2020-07-10T22:00:24","guid":{"rendered":"http:\/\/chronik.blackblogs.org\/?p=12689"},"modified":"2020-07-11T00:00:24","modified_gmt":"2020-07-10T22:00:24","slug":"farbe-an-parteibueros-von-spd-gruenen-und-farbe-und-glasbruch-bei-linkspartei","status":"publish","type":"post","link":"https:\/\/chronik.noblogs.org\/?p=12689","title":{"rendered":"Farbe an Parteib\u00fcros von SPD, Gr\u00fcnen und Farbe und Glasbruch bei Linkspartei"},"content":{"rendered":"<p><strong><a href=\"https:\/\/chronik.blackblogs.org\/wp-content\/uploads\/sites\/109\/2020\/07\/52601.jpg\"><img loading=\"lazy\" decoding=\"async\" class=\"alignright size-medium wp-image-12690\" src=\"https:\/\/chronik.blackblogs.org\/wp-content\/uploads\/sites\/109\/2020\/07\/52601-225x300.jpg\" alt=\"\" width=\"225\" height=\"300\"><\/a>L\u00fcbeck\/Wuppertal<\/strong>, 11. Juli 2020<\/p>\n<blockquote><p>in der nacht vom 10. auf den 11.07. haben wir in solidarit\u00e4t mit unseren freund_innen aus der rigaer 94 spd, gr\u00fcne und linke parteib\u00fcros in l\u00fcbeck mit farbe und h\u00e4mmern angegriffen.<\/p>\n<p>die fassade der gr\u00fcnen wurde durch einen &#8220;liebig34 bleibt&#8221; schriftzug versch\u00f6nert. spd wurde mit farbbomben und einem &#8220;R94&#8221;-Tag versehen. die linke bekam ein &#8220;R94&#8221; auf die T\u00fcr und ein wenig glasbruch. das ist unser anteil an den 1 million sachschaden f\u00fcr jede r\u00e4umung.<\/p>\n<p>die bullen, die die rigaer 94 angegriffen haben agieren nicht im luftleeren raum.<!--more--> die regierungsparteien berlins k\u00f6nnen nicht von uns erwarten dass wir tatenlos zusehen wenn sie unsere freund_innen schickanieren und angreifen.<\/p>\n<p>solidarit\u00e4t hei\u00dft angriff!<br \/>\nrigaer 94 und liebig 34 bleibt!<\/p><\/blockquote>\n<p><strong>Quelle<\/strong>: <a href=\"http:\/\/4sy6ebszykvcv2n6.onion\/node\/95143\">Indymedia<\/a> (Tor), <a href=\"http:\/\/mphvik4btkr2qknt.onion\/node\/159441840095143\/\">Spiegelung<\/a> (Tor)<\/p>\n<p>&nbsp;<\/p>\n<blockquote>\n<div class=\"field field-name-field-abstract field-type-text-long field-label-hidden\">\n<div class=\"field-items\">\n<div class=\"field-item even\">\n<p>Lieber Staatsschutz Wuppertal: auch, wenn die SPD hier was anderes behauptet, ihr k\u00f6nnt zu Hause bleiben, denn es gab keine Farbe f\u00fcr das Parteib\u00fcro auf dem \u00d6lberg. Das ist tats\u00e4chlich genau so wahr, wie, dass es keinen Polizeieinsatz in der Rigaerstra\u00dfe gab. Also gar nicht!<\/p>\n<\/div>\n<\/div>\n<\/div>\n<div class=\"field field-name-body field-type-text-with-summary field-label-hidden\">\n<div class=\"field-items\">\n<div class=\"field-item even\">\n<p>Es gab einen Einsatz und ein Eindringen in das Vorderhaus der R94 und es gab Farbe f\u00fcr die SPD. Jetzt steht gro\u00df in rot auf der Scheibe \u201eR94 bleibt\u201c. Leider wurden wir von Passant_innen gest\u00f6rt und konnten \u201enur\u201c den Schriftzug anbringen. Aber der \u00d6lberg ist ein sch\u00f6nes Viertel und wir werden es bei Gelegenheit sicherlich noch einmal aufsuchen.<\/p>\n<p>Die momentanen Ereignisse machen uns Angst. Die drohenden oder schon erfolgten R\u00e4umungen unserer Projekte, die Razzien gegen uns, die Anquatsch-Versuche durch die Geheimdienste, die Prozesse gegen uns, \u00a7129, Knast, Rassismus, Bullen, Patriarchat, AfD, mordende Nazis, Gentrifizierung &#8211; all das macht uns Angst. Aber es macht uns auch w\u00fctend. W\u00fctend auf all das, w\u00fctend auf andere, w\u00fctend auf uns selbst. In so rauen Zeiten ist es umso wichtiger, solidarisch zu handeln, sich zu vernetzen. Desto st\u00e4rker der Wind bl\u00e4st, desto st\u00e4rker m\u00fcssen wir zusammen stehen. Jeder widerst\u00e4ndige Moment schenkt uns Kraft, jedes neue Projekt und jede neue Besetzung Hoffnung. Wir werden weiter k\u00e4mpfen f\u00fcr ein gutes Leben ohne Herrschaft.<\/p>\n<p>Herzen f\u00fcr all unsere Gef\u00e4hrt_innen &lt;3<\/p>\n<p>Hass auf Bullen, Staat und Kapital<\/p>\n<p>FICK DICH SPD !<\/p>\n<p>FICK DICH TOM SCHREIBER !<\/p>\n<\/div>\n<\/div>\n<\/div>\n<\/blockquote>\n<p><strong>Quelle<\/strong>: <a href=\"http:\/\/4sy6ebszykvcv2n6.onion\/node\/95093\">Indymedia<\/a> (Tor), <a href=\"http:\/\/mphvik4btkr2qknt.onion\/node\/159441840095093\/\">Spiegelung<\/a> (Tor)<\/p>\n","protected":false},"excerpt":{"rendered":"<p>L\u00fcbeck\/Wuppertal, 11. Juli 2020 in der nacht vom 10. auf den 11.07. haben wir in solidarit\u00e4t mit unseren freund_innen aus der rigaer 94 spd, gr\u00fcne und linke parteib\u00fcros in l\u00fcbeck mit farbe und h\u00e4mmern angegriffen. die fassade der gr\u00fcnen wurde durch einen &#8220;liebig34 bleibt&#8221; schriftzug versch\u00f6nert. spd wurde mit farbbomben und einem &#8220;R94&#8221;-Tag versehen. die [&hellip;]<\/p>\n","protected":false},"author":12080,"featured_media":0,"comment_status":"closed","ping_status":"closed","sticky":false,"template":"","format":"standard","meta":{"footnotes":""},"categories":[2],"tags":[121,221],"class_list":["post-12689","post","type-post","status-publish","format-standard","hentry","category-de","tag-luebeck","tag-wuppertal"],"_links":{"self":[{"href":"https:\/\/chronik.noblogs.org\/index.php?rest_route=\/wp\/v2\/posts\/12689","targetHints":{"allow":["GET"]}}],"collection":[{"href":"https:\/\/chronik.noblogs.org\/index.php?rest_route=\/wp\/v2\/posts"}],"about":[{"href":"https:\/\/chronik.noblogs.org\/index.php?rest_route=\/wp\/v2\/types\/post"}],"author":[{"embeddable":true,"href":"https:\/\/chronik.noblogs.org\/index.php?rest_route=\/wp\/v2\/users\/12080"}],"replies":[{"embeddable":true,"href":"https:\/\/chronik.noblogs.org\/index.php?rest_route=%2Fwp%2Fv2%2Fcomments&post=12689"}],"version-history":[{"count":0,"href":"https:\/\/chronik.noblogs.org\/index.php?rest_route=\/wp\/v2\/posts\/12689\/revisions"}],"wp:attachment":[{"href":"https:\/\/chronik.noblogs.org\/index.php?rest_route=%2Fwp%2Fv2%2Fmedia&parent=12689"}],"wp:term":[{"taxonomy":"category","embeddable":true,"href":"https:\/\/chronik.noblogs.org\/index.php?rest_route=%2Fwp%2Fv2%2Fcategories&post=12689"},{"taxonomy":"post_tag","embeddable":true,"href":"https:\/\/chronik.noblogs.org\/index.php?rest_route=%2Fwp%2Fv2%2Ftags&post=12689"}],"curies":[{"name":"wp","href":"https:\/\/api.w.org\/{rel}","templated":true}]}}