{"id":12642,"date":"2020-06-28T00:00:31","date_gmt":"2020-06-27T22:00:31","guid":{"rendered":"http:\/\/chronik.blackblogs.org\/?p=12642"},"modified":"2020-06-28T00:00:31","modified_gmt":"2020-06-27T22:00:31","slug":"nordelbe-transporter-angezuendet","status":"publish","type":"post","link":"https:\/\/chronik.noblogs.org\/?p=12642","title":{"rendered":"Nordelbe Transporter angez\u00fcndet"},"content":{"rendered":"<p><strong>Hamburg<\/strong>, 28. Juni 2020<\/p>\n<blockquote><p>In einigen Tagen ist der erste Jahrestag der Festnahme der drei Gef\u00e4hrt*innen aus Hamburg, denen die Justiz vorwirft Brandstiftungen an Infrastruktur von Wohnungskonzernen, Immobilienunternehmen und Privateigentum einer Hamburger Senatorin geplant zu haben. Zwei von ihnen sitzen also jetzt bald seit einem Jahr im Knast und wir haben dies zum Anlass genommen um unserer unb\u00e4ndigen Wut dar\u00fcber einen destruktiven Ausdruck zu verleihen.<\/p>\n<p>Letzte Nacht (28.06.) z\u00fcndeten wir einen Transporter der Nordelbe Grundst\u00fccksgesellschaft in Eilbek an. Nordelbe ist eine der gr\u00f6\u00dften Immobilien- und Vermietungsfirmen in Hamburg und sollte nicht wenigen als besonderere Akteurin von Verdr\u00e4ngung und Ausbeutung bekannt sein.<!--more--> Das Unternehmen besitzt besonders in Wilhelmsburg und Veddel \u2013 aber auch im restlichen Stadtgebiet \u2013 einen gro\u00dfen Teil der Wohnungen und ist daf\u00fcr bekannt schimmelnde Wohnungen im schlechten Zustand zu \u00fcberteuerten Preisen zu vermieten. Mieter*innen werden durch zus\u00e4tzliche Geb\u00fchren und absurde Auflagen besonders ausgebeutet und unter Druck gesetzt. Wir haben au\u00dferdem Berichte geh\u00f6rt, dass das Unternehmen Interessent*innen f\u00fcr Wohnungen offen mitteilte, dass Menschen die Hartz-IV beziehen keine Chance auf eine Wohnung h\u00e4tten.<\/p>\n<p>Nordelbe ist eines der Unternehmen, die daf\u00fcr direkt verantwortlich sind, dass wir gezwungen werden in schimmligen Drecksl\u00f6chern am Stadtrand zu hausen w\u00e4hrend die zentraleren Stadtgebiete immer mehr zum Territorium der Reichen werden.<\/p>\n<p>Wir haben uns also entschieden sie direkt anzugreifen, als einen weiteren Impuls im sich verbreitenden Netzwerk aus Nadelstichen gegen die Stadt der Reichen, auf dass wir diese Welt der Herrschaft irgendwann in Schutt und Asche legen!<\/p>\n<p>Bez\u00fcglich des Prozesses ist es uns egal ob die Gef\u00e4hrt*innen aus Sicht der Justiz nun schuldig sind oder nicht. Fakt ist, dass wir uns in dem Gedanken, die Autos der Verantwortlichen f\u00fcr Verdr\u00e4ngung und Ausbeutung in Flammen aufgehen zu sehen wiederfanden. F\u00fcr uns ist es ein wichtiger Ausdruck von Solidarit\u00e4t, die vorgeworfene Tat zu verteidigen und den Kampf fortzuf\u00fchren. Solidarit\u00e4t hei\u00dft Angriff!<\/p>\n<p>Wir hoffen, dass sich derartige Angriffe \u2013 ob im Rahmen der Liebig34-R\u00e4umung oder des Parkbank-Prozesses \u2013 weiter vervielf\u00e4ltigen und freuen uns, dass wir nicht die Einzigen sind, die in diesen Tagen zur Tat schritten (s. https:\/\/chronik.blackblogs.org\/?p=12521).<\/p>\n<p>Viel Kraft an die Drei von der Parkbank und alle Freund*innen und Gef\u00e4hrt*innen im Knast.<\/p><\/blockquote>\n<p><strong>Quelle<\/strong>: <a href=\"http:\/\/4sy6ebszykvcv2n6.onion\/node\/92263\">Indymedia<\/a> (Tor), <a href=\"http:\/\/raxuatgmxdvnp4no.onion\/?node=92263\">Spiegelung<\/a> (Tor)<\/p>\n","protected":false},"excerpt":{"rendered":"<p>Hamburg, 28. Juni 2020 In einigen Tagen ist der erste Jahrestag der Festnahme der drei Gef\u00e4hrt*innen aus Hamburg, denen die Justiz vorwirft Brandstiftungen an Infrastruktur von Wohnungskonzernen, Immobilienunternehmen und Privateigentum einer Hamburger Senatorin geplant zu haben. Zwei von ihnen sitzen also jetzt bald seit einem Jahr im Knast und wir haben dies zum Anlass genommen [&hellip;]<\/p>\n","protected":false},"author":12080,"featured_media":0,"comment_status":"closed","ping_status":"closed","sticky":false,"template":"","format":"standard","meta":{"footnotes":""},"categories":[2],"tags":[88],"class_list":["post-12642","post","type-post","status-publish","format-standard","hentry","category-de","tag-hamburg"],"_links":{"self":[{"href":"https:\/\/chronik.noblogs.org\/index.php?rest_route=\/wp\/v2\/posts\/12642","targetHints":{"allow":["GET"]}}],"collection":[{"href":"https:\/\/chronik.noblogs.org\/index.php?rest_route=\/wp\/v2\/posts"}],"about":[{"href":"https:\/\/chronik.noblogs.org\/index.php?rest_route=\/wp\/v2\/types\/post"}],"author":[{"embeddable":true,"href":"https:\/\/chronik.noblogs.org\/index.php?rest_route=\/wp\/v2\/users\/12080"}],"replies":[{"embeddable":true,"href":"https:\/\/chronik.noblogs.org\/index.php?rest_route=%2Fwp%2Fv2%2Fcomments&post=12642"}],"version-history":[{"count":0,"href":"https:\/\/chronik.noblogs.org\/index.php?rest_route=\/wp\/v2\/posts\/12642\/revisions"}],"wp:attachment":[{"href":"https:\/\/chronik.noblogs.org\/index.php?rest_route=%2Fwp%2Fv2%2Fmedia&parent=12642"}],"wp:term":[{"taxonomy":"category","embeddable":true,"href":"https:\/\/chronik.noblogs.org\/index.php?rest_route=%2Fwp%2Fv2%2Fcategories&post=12642"},{"taxonomy":"post_tag","embeddable":true,"href":"https:\/\/chronik.noblogs.org\/index.php?rest_route=%2Fwp%2Fv2%2Ftags&post=12642"}],"curies":[{"name":"wp","href":"https:\/\/api.w.org\/{rel}","templated":true}]}}