{"id":12639,"date":"2020-06-29T00:00:31","date_gmt":"2020-06-28T22:00:31","guid":{"rendered":"http:\/\/chronik.blackblogs.org\/?p=12639"},"modified":"2020-06-29T00:00:31","modified_gmt":"2020-06-28T22:00:31","slug":"tesla-abgefackelt","status":"publish","type":"post","link":"https:\/\/chronik.noblogs.org\/?p=12639","title":{"rendered":"Tesla abgefackelt"},"content":{"rendered":"<p><strong><a href=\"https:\/\/chronik.blackblogs.org\/wp-content\/uploads\/sites\/109\/2020\/07\/52349.jpeg\"><img loading=\"lazy\" decoding=\"async\" class=\"alignright size-medium wp-image-12640\" src=\"https:\/\/chronik.blackblogs.org\/wp-content\/uploads\/sites\/109\/2020\/07\/52349-300x200.jpeg\" alt=\"\" width=\"300\" height=\"200\"><\/a>Berlin<\/strong>, 29. Juni 2020<\/p>\n<blockquote><p>In der Nacht vom 28.06 auf den 29.06 zum haben wir uns einem Tesla gen\u00e4hert und ihn erstmal unbrauchbar gemacht. Das Elektroauto stand in weiter weg von Wohnh\u00e4usern und konnte somit in Ruhe ausbrennen. Nun wird es die n\u00e4chsten Wochen sicher dort stehen beleiben, weil nur wehnige Spezialfirmen diese Wracks zu entfernen d\u00fcrfen.<\/p>\n<p>In den letzten Monaten wurde immer wieder dr\u00fcber gesprochen, die wirtschaftliche Rezession durch einen gr\u00fcnen Kapitalismus zu \u00fcberwinden. Elktroautos gelten dabei, als ein Schritt, in die neue Richtung und werden daher von der Politik gef\u00f6rdert. Dabei wird sich weiterhin an einem Konzept des Individaulverkers geklammert,<!--more--> Autofahren wird dabei gleichgesetzt mit Freiheit. Der \u00f6kologische Umbau ist unumg\u00e4nglich, ein paar Ref\u00f6rmchen hier und dort, und etwas Steuergelder f\u00fcr diesen und jenen Wirtschaftszweig, ist bei weitem nicht ausreichend. Darum haben wir uns nun zu drastischeren Mitteln entschlossen!<\/p>\n<p>Wir haben einen privaten PKW gew\u00e4hlt, da die drohende Klimakatastrophe eine Klassenfrage ist: Wer kann sich die neuen effizienten Technologien leisten und wer wird vom Umbau zum &#8220;gr\u00fcnen Kaptialismus&#8221; profitieren? Wer glaubt, mit einem Elektroauto sich den Zugang zu einer besseren Welt erkaufen zu k\u00f6nnen, vergisst das er*sie damit post &#8211; koloniale Ausbeutungsverh\u00e4ltnisse festigt. Die Rohstoffe der Akkus werden, gegen den Widerstand von Indigenen, unter katasrophalen Bedingungen in Chile und Bolivien abgebaut werden. Der Umbau unserers Witschftssystems geht auf Kosten jene*r, die am meisten unter den drohenden Folgen der Erderw\u00e4rmung leiden werden.<br \/>\nUns ist es zu dem wichtig, mit dem Angriff deutlich zu machen, dass das technische Heilsversprechen nur ein festhalten am immer gleichen &#8220;weiter so&#8221; ist. Technologischer Fortschritt ist hierbei die L\u00f6sung aller Probleme und wird als etwas neutrales begriffen. In der kapitalistischen Gesellschaft ist technischer Fortschritt aber nie Selbstzweck und neutral, sondern dient lediglich dem Profitinteressen der Herrschenden. Tesla steht hierbei wie kaum ein anderes Unternhemn f\u00fcr diese Versprechen denen wir offensiv entgegenstellen.<\/p>\n<p>Gegen die (Gr\u00fcne) Stadt der Reichen<br \/>\nGegen den technolgischen Angriff<br \/>\nGr\u00fc\u00dfe an die drei von der Parkbank<\/p><\/blockquote>\n<p><strong>Quelle<\/strong>: <a href=\"http:\/\/4sy6ebszykvcv2n6.onion\/node\/92274\">Indymedia<\/a> (Tor)<\/p>\n","protected":false},"excerpt":{"rendered":"<p>Berlin, 29. Juni 2020 In der Nacht vom 28.06 auf den 29.06 zum haben wir uns einem Tesla gen\u00e4hert und ihn erstmal unbrauchbar gemacht. Das Elektroauto stand in weiter weg von Wohnh\u00e4usern und konnte somit in Ruhe ausbrennen. Nun wird es die n\u00e4chsten Wochen sicher dort stehen beleiben, weil nur wehnige Spezialfirmen diese Wracks zu [&hellip;]<\/p>\n","protected":false},"author":12080,"featured_media":0,"comment_status":"closed","ping_status":"closed","sticky":false,"template":"","format":"standard","meta":{"footnotes":""},"categories":[2],"tags":[24],"class_list":["post-12639","post","type-post","status-publish","format-standard","hentry","category-de","tag-berlin"],"_links":{"self":[{"href":"https:\/\/chronik.noblogs.org\/index.php?rest_route=\/wp\/v2\/posts\/12639","targetHints":{"allow":["GET"]}}],"collection":[{"href":"https:\/\/chronik.noblogs.org\/index.php?rest_route=\/wp\/v2\/posts"}],"about":[{"href":"https:\/\/chronik.noblogs.org\/index.php?rest_route=\/wp\/v2\/types\/post"}],"author":[{"embeddable":true,"href":"https:\/\/chronik.noblogs.org\/index.php?rest_route=\/wp\/v2\/users\/12080"}],"replies":[{"embeddable":true,"href":"https:\/\/chronik.noblogs.org\/index.php?rest_route=%2Fwp%2Fv2%2Fcomments&post=12639"}],"version-history":[{"count":0,"href":"https:\/\/chronik.noblogs.org\/index.php?rest_route=\/wp\/v2\/posts\/12639\/revisions"}],"wp:attachment":[{"href":"https:\/\/chronik.noblogs.org\/index.php?rest_route=%2Fwp%2Fv2%2Fmedia&parent=12639"}],"wp:term":[{"taxonomy":"category","embeddable":true,"href":"https:\/\/chronik.noblogs.org\/index.php?rest_route=%2Fwp%2Fv2%2Fcategories&post=12639"},{"taxonomy":"post_tag","embeddable":true,"href":"https:\/\/chronik.noblogs.org\/index.php?rest_route=%2Fwp%2Fv2%2Ftags&post=12639"}],"curies":[{"name":"wp","href":"https:\/\/api.w.org\/{rel}","templated":true}]}}