{"id":12636,"date":"2020-06-30T00:00:00","date_gmt":"2020-06-29T22:00:00","guid":{"rendered":"http:\/\/chronik.blackblogs.org\/?p=12636"},"modified":"2020-06-30T00:00:00","modified_gmt":"2020-06-29T22:00:00","slug":"waehrend-stromausfall-barrikade-gebaut-und-graffiti-gemalt","status":"publish","type":"post","link":"https:\/\/chronik.noblogs.org\/?p=12636","title":{"rendered":"W\u00e4hrend Stromausfall Barrikade gebaut und Graffiti gemalt"},"content":{"rendered":"<p><strong><a href=\"https:\/\/chronik.blackblogs.org\/wp-content\/uploads\/sites\/109\/2020\/07\/st.jpg\"><img loading=\"lazy\" decoding=\"async\" class=\"alignright size-medium wp-image-12637\" src=\"https:\/\/chronik.blackblogs.org\/wp-content\/uploads\/sites\/109\/2020\/07\/st-300x169.jpg\" alt=\"\" width=\"300\" height=\"169\"><\/a>Berlin<\/strong>, 30. Juni 2020<\/p>\n<blockquote><p>auf Freitag nacht gab es in der Rigaer Stra\u00dfe einen Stromausfall. Dieser wurde von Anwohner*innen und Besucher*innen mit Freude aufgenommen.<\/p>\n<p>Ob es nun die Wut auf die R\u00e4umung des am Sonntag f\u00fcr Potse und Drugstore besetzten und am Montag ger\u00e4umten Teils des Dragoner-Areals in Kreuzberg war oder die Freude \u00fcber 30 Jahre autonome H\u00e4userk\u00e4mpfe in Ostberlin, welche am Wochenende zumindest von der Liebig34 und Freund*innen gefeiert werden, ist nicht klar. Auch ob nun, wie die B.Z. spekuliert, der Strom &#8220;von unten&#8221; abgeschaltet wurde, um sich die Stra\u00dfe zu nehmen oder der Stromausfall ein technischer Defekt war, der spontane Aktivit\u00e4ten ausgel\u00f6st hat, ist letztlich unbedeutend. Fakt ist, die Reflexe funktionieren.<!--more--><\/p>\n<p>Ungef\u00e4hr um Mitternacht fiel zwischen Liebigstra\u00dfe und Zelle- oder Proskauer Stra\u00dfe der Strom aus und es war wirklich dunkel. Wenig sp\u00e4ter wuselten \u00fcberall kleine Gr\u00fcppchen herum und malten ungef\u00e4hr alle W\u00e4nde an. Gleichzeitig wurden die Stra\u00dfenlaternen auf einen eventuellen Ende des Blackouts vorbereitet, damit es nicht pl\u00f6tzlich wieder hell werden konnte. Auch ein paar Firmenautos wurden mindestens bemalt. Zun\u00e4chst Streifen, dann auch eine Wanne der Popozei beobachteten das Treiben aus sicherer Entfernung, was eine angenehm friedrlichen Stimmung erm\u00f6glichte &#8211; verst\u00e4rkt durch das angenehme, viel unaufdringlichere Licht zahlreicher Kerzen. Zwei Stunden nach dem Ausfall ging der Strom wieder an. Doch zwischen Dorfplatz und Zelle blieb es dunkel, weswegen die Chance von einigen ergriffen wurde, den Ort noch ein bisschen mit Baustellenmaterialien als Barrikade abzusichern. Ein kleines Feuer am Dorfplatz als Symbol der Aufst\u00e4ndigkeit kam dazu.<\/p>\n<p>Nach mehr als zwei Stunden erst hatten die Bullen gen\u00fcgend Kr\u00e4fte aus der ganzen Stadt zusammengezogen, um dort einzumarschieren. Au\u00dfer rumzuleuchten und Fotos zu machen gab es da aber schon nichts mehr zu tun.<\/p>\n<p>\u00c4hnliche Stromausf\u00e4lle gab es in der Vergangenheit schon \u00f6fters. Neben kleineren Ereignissen bleibt vor allem der Trafo-Defekt in der G\u00fcrtelstra\u00dfe von 2015 in Erinnerung, der den ganzen Kiez f\u00fcr Stunden ohne Strom lies. Der Lidl wurde gepl\u00fcndert, mehrere Streifen wurden angegriffen und Barrikaden brannten. Die gestrigen Ereignisse als &#8220;weiteren H\u00f6hepunkt&#8221; zu verkaufen, wie es Springer heute tut, ist deswegen \u00fcbertrieben. Aber es ist wohl gut gemeint.<\/p>\n<p>Wir d\u00fcrfen uns auf den n\u00e4chsten Stromausfall freuen!<\/p>\n<p>Bereitet euch auf solche Situationen vor &#8211; nicht nur in der Rigaer!<\/p><\/blockquote>\n<p><strong>Quelle<\/strong>: <a href=\"http:\/\/4sy6ebszykvcv2n6.onion\/node\/92628\">Indymedia<\/a> (Tor)<\/p>\n","protected":false},"excerpt":{"rendered":"<p>Berlin, 30. Juni 2020 auf Freitag nacht gab es in der Rigaer Stra\u00dfe einen Stromausfall. Dieser wurde von Anwohner*innen und Besucher*innen mit Freude aufgenommen. Ob es nun die Wut auf die R\u00e4umung des am Sonntag f\u00fcr Potse und Drugstore besetzten und am Montag ger\u00e4umten Teils des Dragoner-Areals in Kreuzberg war oder die Freude \u00fcber 30 [&hellip;]<\/p>\n","protected":false},"author":12080,"featured_media":0,"comment_status":"closed","ping_status":"closed","sticky":false,"template":"","format":"standard","meta":{"footnotes":""},"categories":[2],"tags":[24],"class_list":["post-12636","post","type-post","status-publish","format-standard","hentry","category-de","tag-berlin"],"_links":{"self":[{"href":"https:\/\/chronik.noblogs.org\/index.php?rest_route=\/wp\/v2\/posts\/12636","targetHints":{"allow":["GET"]}}],"collection":[{"href":"https:\/\/chronik.noblogs.org\/index.php?rest_route=\/wp\/v2\/posts"}],"about":[{"href":"https:\/\/chronik.noblogs.org\/index.php?rest_route=\/wp\/v2\/types\/post"}],"author":[{"embeddable":true,"href":"https:\/\/chronik.noblogs.org\/index.php?rest_route=\/wp\/v2\/users\/12080"}],"replies":[{"embeddable":true,"href":"https:\/\/chronik.noblogs.org\/index.php?rest_route=%2Fwp%2Fv2%2Fcomments&post=12636"}],"version-history":[{"count":0,"href":"https:\/\/chronik.noblogs.org\/index.php?rest_route=\/wp\/v2\/posts\/12636\/revisions"}],"wp:attachment":[{"href":"https:\/\/chronik.noblogs.org\/index.php?rest_route=%2Fwp%2Fv2%2Fmedia&parent=12636"}],"wp:term":[{"taxonomy":"category","embeddable":true,"href":"https:\/\/chronik.noblogs.org\/index.php?rest_route=%2Fwp%2Fv2%2Fcategories&post=12636"},{"taxonomy":"post_tag","embeddable":true,"href":"https:\/\/chronik.noblogs.org\/index.php?rest_route=%2Fwp%2Fv2%2Ftags&post=12636"}],"curies":[{"name":"wp","href":"https:\/\/api.w.org\/{rel}","templated":true}]}}